{"id":33607,"date":"2024-04-18T17:04:00","date_gmt":"2024-04-18T16:04:00","guid":{"rendered":"https:\/\/www.bestofrome.fr\/forno-conti-co\/"},"modified":"2025-07-18T19:30:27","modified_gmt":"2025-07-18T18:30:27","slug":"forno-conti-co","status":"publish","type":"post","link":"https:\/\/www.bestofrome.fr\/es\/forno-conti-co\/","title":{"rendered":"Forno Conti &#038; Co"},"content":{"rendered":"<p><strong>Forno Conti &amp; Co<\/strong>, ubicado en la Via Giusti en el barrio Esquilino de Roma, es una excelente panader\u00eda artesanal conocida por sus productos elaborados con masa madre natural y harinas molidas a la piedra.<br \/>\nLa calidad de sus productos es destacable, tanto por sus pane, boller\u00eda, brioches y s\u00e1ndwiches, como por su caf\u00e9.<br \/>\nEl lugar es sencillo, moderno y acogedor, recomendado para disfrutar de un desayuno de calidad en Roma.<\/p>\n<p><img loading=\"lazy\" class=\"alignnone size-full wp-image-17852\" src=\"https:\/\/www.bestofrome.fr\/wp-content\/uploads\/2016\/08\/forno-conti-and-co.jpg\" alt=\"forno-conti-and-co\" width=\"300\" height=\"52\" srcset=\"https:\/\/www.bestofrome.fr\/wp-content\/uploads\/2016\/08\/forno-conti-and-co.jpg 300w, https:\/\/www.bestofrome.fr\/wp-content\/uploads\/2016\/08\/forno-conti-and-co-150x26.jpg 150w\" sizes=\"(max-width: 300px) 100vw, 300px\" \/><\/p>\n<p><strong>Forno Conti &amp; Co<\/strong><br \/>\n<em>Via Giusti, 18, 00185 Roma<br \/>\n<\/em>Cerrado los domingos<br \/>\n<a href=\"https:\/\/fornoconti.co\/\" target=\"_blank\" rel=\"noopener\">https:\/\/fornoconti.co\/<\/a><\/p>\n<div id=\"cttm-shortcode-helper\"><div id=\"travelersmap-container-69eec1daa916b\" class=\"travelersmap-container\" style=\"z-index: 1; min-height: 10px; min-width:10px; height:400px;width:100%; max-width:; max-height:; position:relative;\"><div style=\"position:absolute; z-index:-1;top: 50%;text-align: center;display: block;left: 50%;transform: translate(-50%,-50%);\">Travelers' Map is loading... <br> If you see this after your page is loaded completely, leafletJS files are missing.<\/div><\/div><\/div>\n","protected":false},"excerpt":{"rendered":"<p>El <strong>Forno Conti &amp; Co<\/strong> es una peque\u00f1a panader\u00eda artesanal muy buena del barrio de l&#8217;Esquilin, donde se puede degustar buen pan, pasteles y bollos, tomar caf\u00e9 o desayunar. Simple y eficaz. [&#8230;]<\/p>\n","protected":false},"author":1,"featured_media":21285,"comment_status":"open","ping_status":"open","sticky":false,"template":"","format":"standard","meta":{"_links_to":"","_links_to_target":""},"categories":[1063,1065],"tags":[1083],"yoast_head":"<!-- This site is optimized with the Yoast SEO plugin v17.4 - https:\/\/yoast.com\/wordpress\/plugins\/seo\/ -->\n<title>Forno Conti &amp; Co - Visita de Roma<\/title>\n<meta name=\"robots\" content=\"index, follow, max-snippet:-1, max-image-preview:large, max-video-preview:-1\" \/>\n<link rel=\"canonical\" href=\"https:\/\/www.bestofrome.fr\/es\/forno-conti-co\/\" \/>\n<meta property=\"og:locale\" content=\"es_ES\" \/>\n<meta property=\"og:type\" content=\"article\" \/>\n<meta property=\"og:title\" content=\"Forno Conti &amp; Co - Visita de Roma\" \/>\n<meta property=\"og:description\" content=\"El Forno Conti &amp; Co es una peque\u00f1a panader\u00eda artesanal muy buena del barrio de l&#039;Esquilin, donde se puede degustar buen pan, pasteles y bollos, tomar caf\u00e9 o desayunar. Simple y eficaz. [...]\" \/>\n<meta property=\"og:url\" content=\"https:\/\/www.bestofrome.fr\/es\/forno-conti-co\/\" \/>\n<meta property=\"og:site_name\" content=\"Visita de Roma\" \/>\n<meta property=\"article:published_time\" content=\"2024-04-18T16:04:00+00:00\" \/>\n<meta property=\"article:modified_time\" content=\"2025-07-18T18:30:27+00:00\" \/>\n<meta property=\"og:image\" content=\"https:\/\/www.bestofrome.fr\/wp-content\/uploads\/2016\/08\/forno-conti-and-co.jpg\" \/>\n\t<meta property=\"og:image:width\" content=\"300\" \/>\n\t<meta property=\"og:image:height\" content=\"52\" \/>\n<meta name=\"twitter:label1\" content=\"Escrito por\" \/>\n\t<meta name=\"twitter:data1\" content=\"C\u00e9sar\" \/>\n\t<meta name=\"twitter:label2\" content=\"Tiempo de lectura\" \/>\n\t<meta name=\"twitter:data2\" content=\"1 minuto\" \/>\n<script type=\"application\/ld+json\" class=\"yoast-schema-graph\">{\"@context\":\"https:\/\/schema.org\",\"@graph\":[{\"@type\":\"Organization\",\"@id\":\"https:\/\/www.bestofrome.fr\/es\/#organization\",\"name\":\"Bestofrome.fr\",\"url\":\"https:\/\/www.bestofrome.fr\/es\/\",\"sameAs\":[],\"logo\":{\"@type\":\"ImageObject\",\"@id\":\"https:\/\/www.bestofrome.fr\/es\/#logo\",\"inLanguage\":\"es\",\"url\":\"https:\/\/www.bestofrome.fr\/wp-content\/uploads\/2025\/11\/logo512bestofrome.png\",\"contentUrl\":\"https:\/\/www.bestofrome.fr\/wp-content\/uploads\/2025\/11\/logo512bestofrome.png\",\"width\":512,\"height\":512,\"caption\":\"Bestofrome.fr\"},\"image\":{\"@id\":\"https:\/\/www.bestofrome.fr\/es\/#logo\"}},{\"@type\":\"WebSite\",\"@id\":\"https:\/\/www.bestofrome.fr\/es\/#website\",\"url\":\"https:\/\/www.bestofrome.fr\/es\/\",\"name\":\"Visita de Roma\",\"description\":\"Todo para viajar a Roma\",\"publisher\":{\"@id\":\"https:\/\/www.bestofrome.fr\/es\/#organization\"},\"potentialAction\":[{\"@type\":\"SearchAction\",\"target\":{\"@type\":\"EntryPoint\",\"urlTemplate\":\"https:\/\/www.bestofrome.fr\/es\/?s={search_term_string}\"},\"query-input\":\"required name=search_term_string\"}],\"inLanguage\":\"es\"},{\"@type\":\"ImageObject\",\"@id\":\"https:\/\/www.bestofrome.fr\/es\/forno-conti-co\/#primaryimage\",\"inLanguage\":\"es\",\"url\":\"https:\/\/www.bestofrome.fr\/wp-content\/uploads\/2016\/08\/forno-conti-and-co.jpg\",\"contentUrl\":\"https:\/\/www.bestofrome.fr\/wp-content\/uploads\/2016\/08\/forno-conti-and-co.jpg\",\"width\":300,\"height\":52},{\"@type\":\"WebPage\",\"@id\":\"https:\/\/www.bestofrome.fr\/es\/forno-conti-co\/#webpage\",\"url\":\"https:\/\/www.bestofrome.fr\/es\/forno-conti-co\/\",\"name\":\"Forno Conti & Co - Visita de Roma\",\"isPartOf\":{\"@id\":\"https:\/\/www.bestofrome.fr\/es\/#website\"},\"primaryImageOfPage\":{\"@id\":\"https:\/\/www.bestofrome.fr\/es\/forno-conti-co\/#primaryimage\"},\"datePublished\":\"2024-04-18T16:04:00+00:00\",\"dateModified\":\"2025-07-18T18:30:27+00:00\",\"breadcrumb\":{\"@id\":\"https:\/\/www.bestofrome.fr\/es\/forno-conti-co\/#breadcrumb\"},\"inLanguage\":\"es\",\"potentialAction\":[{\"@type\":\"ReadAction\",\"target\":[\"https:\/\/www.bestofrome.fr\/es\/forno-conti-co\/\"]}]},{\"@type\":\"BreadcrumbList\",\"@id\":\"https:\/\/www.bestofrome.fr\/es\/forno-conti-co\/#breadcrumb\",\"itemListElement\":[{\"@type\":\"ListItem\",\"position\":1,\"name\":\"Accueil\",\"item\":\"https:\/\/www.bestofrome.fr\/es\/\"},{\"@type\":\"ListItem\",\"position\":2,\"name\":\"Forno Conti &#038; Co\"}]},{\"@type\":\"Article\",\"@id\":\"https:\/\/www.bestofrome.fr\/es\/forno-conti-co\/#article\",\"isPartOf\":{\"@id\":\"https:\/\/www.bestofrome.fr\/es\/forno-conti-co\/#webpage\"},\"author\":{\"@id\":\"https:\/\/www.bestofrome.fr\/es\/#\/schema\/person\/f611766d26241b06cbcf4eac35cf8825\"},\"headline\":\"Forno Conti &#038; Co\",\"datePublished\":\"2024-04-18T16:04:00+00:00\",\"dateModified\":\"2025-07-18T18:30:27+00:00\",\"mainEntityOfPage\":{\"@id\":\"https:\/\/www.bestofrome.fr\/es\/forno-conti-co\/#webpage\"},\"wordCount\":98,\"commentCount\":0,\"publisher\":{\"@id\":\"https:\/\/www.bestofrome.fr\/es\/#organization\"},\"image\":{\"@id\":\"https:\/\/www.bestofrome.fr\/es\/forno-conti-co\/#primaryimage\"},\"thumbnailUrl\":\"https:\/\/www.bestofrome.fr\/wp-content\/uploads\/2016\/08\/forno-conti-and-co.jpg\",\"keywords\":[\"Pan y pasteler\\u00eda\"],\"articleSection\":[\"Nuestra Roma favorita\",\"Panader\\u00edas y pasteler\\u00edas favoritas en Roma\"],\"inLanguage\":\"es\",\"potentialAction\":[{\"@type\":\"CommentAction\",\"name\":\"Comment\",\"target\":[\"https:\/\/www.bestofrome.fr\/es\/forno-conti-co\/#respond\"]}]},{\"@type\":\"Person\",\"@id\":\"https:\/\/www.bestofrome.fr\/es\/#\/schema\/person\/f611766d26241b06cbcf4eac35cf8825\",\"name\":\"C\\u00e9sar\",\"image\":{\"@type\":\"ImageObject\",\"@id\":\"https:\/\/www.bestofrome.fr\/es\/#personlogo\",\"inLanguage\":\"es\",\"url\":\"https:\/\/secure.gravatar.com\/avatar\/e5c3162350047f03c6a1083f7f2185e7?s=96&d=mm&r=g\",\"contentUrl\":\"https:\/\/secure.gravatar.com\/avatar\/e5c3162350047f03c6a1083f7f2185e7?s=96&d=mm&r=g\",\"caption\":\"C\\u00e9sar\"}}]}<\/script>\n<!-- \/ Yoast SEO plugin. -->","yoast_head_json":{"title":"Forno Conti & Co - Visita de Roma","robots":{"index":"index","follow":"follow","max-snippet":"max-snippet:-1","max-image-preview":"max-image-preview:large","max-video-preview":"max-video-preview:-1"},"canonical":"https:\/\/www.bestofrome.fr\/es\/forno-conti-co\/","og_locale":"es_ES","og_type":"article","og_title":"Forno Conti & Co - Visita de Roma","og_description":"El Forno Conti &amp; Co es una peque\u00f1a panader\u00eda artesanal muy buena del barrio de l'Esquilin, donde se puede degustar buen pan, pasteles y bollos, tomar caf\u00e9 o desayunar. Simple y eficaz. [...]","og_url":"https:\/\/www.bestofrome.fr\/es\/forno-conti-co\/","og_site_name":"Visita de Roma","article_published_time":"2024-04-18T16:04:00+00:00","article_modified_time":"2025-07-18T18:30:27+00:00","og_image":[{"width":300,"height":52,"url":"https:\/\/www.bestofrome.fr\/wp-content\/uploads\/2016\/08\/forno-conti-and-co.jpg","type":"image\/jpeg"}],"twitter_misc":{"Escrito por":"C\u00e9sar","Tiempo de lectura":"1 minuto"},"schema":{"@context":"https:\/\/schema.org","@graph":[{"@type":"Organization","@id":"https:\/\/www.bestofrome.fr\/es\/#organization","name":"Bestofrome.fr","url":"https:\/\/www.bestofrome.fr\/es\/","sameAs":[],"logo":{"@type":"ImageObject","@id":"https:\/\/www.bestofrome.fr\/es\/#logo","inLanguage":"es","url":"https:\/\/www.bestofrome.fr\/wp-content\/uploads\/2025\/11\/logo512bestofrome.png","contentUrl":"https:\/\/www.bestofrome.fr\/wp-content\/uploads\/2025\/11\/logo512bestofrome.png","width":512,"height":512,"caption":"Bestofrome.fr"},"image":{"@id":"https:\/\/www.bestofrome.fr\/es\/#logo"}},{"@type":"WebSite","@id":"https:\/\/www.bestofrome.fr\/es\/#website","url":"https:\/\/www.bestofrome.fr\/es\/","name":"Visita de Roma","description":"Todo para viajar a Roma","publisher":{"@id":"https:\/\/www.bestofrome.fr\/es\/#organization"},"potentialAction":[{"@type":"SearchAction","target":{"@type":"EntryPoint","urlTemplate":"https:\/\/www.bestofrome.fr\/es\/?s={search_term_string}"},"query-input":"required name=search_term_string"}],"inLanguage":"es"},{"@type":"ImageObject","@id":"https:\/\/www.bestofrome.fr\/es\/forno-conti-co\/#primaryimage","inLanguage":"es","url":"https:\/\/www.bestofrome.fr\/wp-content\/uploads\/2016\/08\/forno-conti-and-co.jpg","contentUrl":"https:\/\/www.bestofrome.fr\/wp-content\/uploads\/2016\/08\/forno-conti-and-co.jpg","width":300,"height":52},{"@type":"WebPage","@id":"https:\/\/www.bestofrome.fr\/es\/forno-conti-co\/#webpage","url":"https:\/\/www.bestofrome.fr\/es\/forno-conti-co\/","name":"Forno Conti & Co - Visita de Roma","isPartOf":{"@id":"https:\/\/www.bestofrome.fr\/es\/#website"},"primaryImageOfPage":{"@id":"https:\/\/www.bestofrome.fr\/es\/forno-conti-co\/#primaryimage"},"datePublished":"2024-04-18T16:04:00+00:00","dateModified":"2025-07-18T18:30:27+00:00","breadcrumb":{"@id":"https:\/\/www.bestofrome.fr\/es\/forno-conti-co\/#breadcrumb"},"inLanguage":"es","potentialAction":[{"@type":"ReadAction","target":["https:\/\/www.bestofrome.fr\/es\/forno-conti-co\/"]}]},{"@type":"BreadcrumbList","@id":"https:\/\/www.bestofrome.fr\/es\/forno-conti-co\/#breadcrumb","itemListElement":[{"@type":"ListItem","position":1,"name":"Accueil","item":"https:\/\/www.bestofrome.fr\/es\/"},{"@type":"ListItem","position":2,"name":"Forno Conti &#038; Co"}]},{"@type":"Article","@id":"https:\/\/www.bestofrome.fr\/es\/forno-conti-co\/#article","isPartOf":{"@id":"https:\/\/www.bestofrome.fr\/es\/forno-conti-co\/#webpage"},"author":{"@id":"https:\/\/www.bestofrome.fr\/es\/#\/schema\/person\/f611766d26241b06cbcf4eac35cf8825"},"headline":"Forno Conti &#038; Co","datePublished":"2024-04-18T16:04:00+00:00","dateModified":"2025-07-18T18:30:27+00:00","mainEntityOfPage":{"@id":"https:\/\/www.bestofrome.fr\/es\/forno-conti-co\/#webpage"},"wordCount":98,"commentCount":0,"publisher":{"@id":"https:\/\/www.bestofrome.fr\/es\/#organization"},"image":{"@id":"https:\/\/www.bestofrome.fr\/es\/forno-conti-co\/#primaryimage"},"thumbnailUrl":"https:\/\/www.bestofrome.fr\/wp-content\/uploads\/2016\/08\/forno-conti-and-co.jpg","keywords":["Pan y pasteler\u00eda"],"articleSection":["Nuestra Roma favorita","Panader\u00edas y pasteler\u00edas favoritas en Roma"],"inLanguage":"es","potentialAction":[{"@type":"CommentAction","name":"Comment","target":["https:\/\/www.bestofrome.fr\/es\/forno-conti-co\/#respond"]}]},{"@type":"Person","@id":"https:\/\/www.bestofrome.fr\/es\/#\/schema\/person\/f611766d26241b06cbcf4eac35cf8825","name":"C\u00e9sar","image":{"@type":"ImageObject","@id":"https:\/\/www.bestofrome.fr\/es\/#personlogo","inLanguage":"es","url":"https:\/\/secure.gravatar.com\/avatar\/e5c3162350047f03c6a1083f7f2185e7?s=96&d=mm&r=g","contentUrl":"https:\/\/secure.gravatar.com\/avatar\/e5c3162350047f03c6a1083f7f2185e7?s=96&d=mm&r=g","caption":"C\u00e9sar"}}]}},"_links":{"self":[{"href":"https:\/\/www.bestofrome.fr\/es\/wp-json\/wp\/v2\/posts\/33607"}],"collection":[{"href":"https:\/\/www.bestofrome.fr\/es\/wp-json\/wp\/v2\/posts"}],"about":[{"href":"https:\/\/www.bestofrome.fr\/es\/wp-json\/wp\/v2\/types\/post"}],"author":[{"embeddable":true,"href":"https:\/\/www.bestofrome.fr\/es\/wp-json\/wp\/v2\/users\/1"}],"replies":[{"embeddable":true,"href":"https:\/\/www.bestofrome.fr\/es\/wp-json\/wp\/v2\/comments?post=33607"}],"version-history":[{"count":1,"href":"https:\/\/www.bestofrome.fr\/es\/wp-json\/wp\/v2\/posts\/33607\/revisions"}],"predecessor-version":[{"id":33608,"href":"https:\/\/www.bestofrome.fr\/es\/wp-json\/wp\/v2\/posts\/33607\/revisions\/33608"}],"wp:featuredmedia":[{"embeddable":true,"href":"https:\/\/www.bestofrome.fr\/es\/wp-json\/wp\/v2\/media\/21285"}],"wp:attachment":[{"href":"https:\/\/www.bestofrome.fr\/es\/wp-json\/wp\/v2\/media?parent=33607"}],"wp:term":[{"taxonomy":"category","embeddable":true,"href":"https:\/\/www.bestofrome.fr\/es\/wp-json\/wp\/v2\/categories?post=33607"},{"taxonomy":"post_tag","embeddable":true,"href":"https:\/\/www.bestofrome.fr\/es\/wp-json\/wp\/v2\/tags?post=33607"}],"curies":[{"name":"wp","href":"https:\/\/api.w.org\/{rel}","templated":true}]}}