{"id":33962,"date":"2016-08-12T15:27:00","date_gmt":"2016-08-12T14:27:00","guid":{"rendered":"https:\/\/www.bestofrome.fr\/palazzo-del-freddo-giovanni-fassi\/"},"modified":"2025-07-19T09:03:15","modified_gmt":"2025-07-19T08:03:15","slug":"palazzo-del-freddo-giovanni-fassi","status":"publish","type":"post","link":"https:\/\/www.bestofrome.fr\/es\/palazzo-del-freddo-giovanni-fassi\/","title":{"rendered":"Palazzo del Freddo Giovanni Fassi"},"content":{"rendered":"<p><img loading=\"lazy\" class=\"alignright size-full wp-image-25034\" src=\"https:\/\/www.bestofrome.fr\/wp-content\/uploads\/2016\/08\/palazzo-del-freddo-gelateria-fassi.jpg\" alt=\"palazzo-del-freddo-gelateria-fassi\" width=\"177\" height=\"233\" srcset=\"https:\/\/www.bestofrome.fr\/wp-content\/uploads\/2016\/08\/palazzo-del-freddo-gelateria-fassi.jpg 177w, https:\/\/www.bestofrome.fr\/wp-content\/uploads\/2016\/08\/palazzo-del-freddo-gelateria-fassi-114x150.jpg 114w\" sizes=\"(max-width: 177px) 100vw, 177px\" \/><\/p>\n<p>El <strong>Palazzo del Freddo Giovanni Fassi<\/strong>, <em>Palacio del Fr\u00edo<\/em> en franc\u00e9s, ubicado en Via Principe Eugenio en Roma, es una helader\u00eda hist\u00f3rica fundada en 1880 en el barrio del Esquilino, reconocida como una de las m\u00e1s antiguas de Italia, cerca de la estaci\u00f3n Termini y de la Plaza Vittorio Emanuele II.<br \/>\nSus helados artesanales son de calidad, con sabores cl\u00e1sicos como pistacho, avellana y zabaglione, as\u00ed como el \u00abSanpietrino\u00bb, un semifr\u00edo cubierto de chocolate. Tambi\u00e9n ofrece caf\u00e9s y pasteler\u00eda.<br \/>\nLa amplia sala retro es tambi\u00e9n una curiosidad.<br \/>\nLos precios son razonables.<\/p>\n<p><em>Via Principe Eugenio, 65-67, 00185 Roma<\/em><br \/>\n<a href=\"https:\/\/www.gelateriafassi.com\/\" target=\"_blank\" rel=\"noopener\">www.gelateriafassi.com<\/a><\/p>\n<div id=\"cttm-shortcode-helper\"><div id=\"travelersmap-container-69f2baa7d7fde\" class=\"travelersmap-container\" style=\"z-index: 1; min-height: 10px; min-width:10px; height:400px;width:100%; max-width:; max-height:; position:relative;\"><div style=\"position:absolute; z-index:-1;top: 50%;text-align: center;display: block;left: 50%;transform: translate(-50%,-50%);\">Travelers' Map is loading... <br> If you see this after your page is loaded completely, leafletJS files are missing.<\/div><\/div><\/div>\n","protected":false},"excerpt":{"rendered":"<p>El <strong>Palazzo del Freddo<\/strong> es un glaciar hist\u00f3rico en el barrio de l&#8217;Esquilin, no lejos de la estaci\u00f3n Termini, fundado en 1880, que todav\u00eda elabora helados artesanales y tambi\u00e9n caf\u00e9 y pasteler\u00edas. [&#8230;]<\/p>\n","protected":false},"author":1,"featured_media":25038,"comment_status":"open","ping_status":"open","sticky":false,"template":"","format":"standard","meta":{"_links_to":"","_links_to_target":""},"categories":[1067,1063],"tags":[1073],"yoast_head":"<!-- This site is optimized with the Yoast SEO plugin v17.4 - https:\/\/yoast.com\/wordpress\/plugins\/seo\/ -->\n<title>Palazzo del Freddo Giovanni Fassi - Visita de Roma<\/title>\n<meta name=\"robots\" content=\"index, follow, max-snippet:-1, max-image-preview:large, max-video-preview:-1\" \/>\n<link rel=\"canonical\" href=\"https:\/\/www.bestofrome.fr\/es\/palazzo-del-freddo-giovanni-fassi\/\" \/>\n<meta property=\"og:locale\" content=\"es_ES\" \/>\n<meta property=\"og:type\" content=\"article\" \/>\n<meta property=\"og:title\" content=\"Palazzo del Freddo Giovanni Fassi - Visita de Roma\" \/>\n<meta property=\"og:description\" content=\"El Palazzo del Freddo es un glaciar hist\u00f3rico en el barrio de l&#039;Esquilin, no lejos de la estaci\u00f3n Termini, fundado en 1880, que todav\u00eda elabora helados artesanales y tambi\u00e9n caf\u00e9 y pasteler\u00edas. [...]\" \/>\n<meta property=\"og:url\" content=\"https:\/\/www.bestofrome.fr\/es\/palazzo-del-freddo-giovanni-fassi\/\" \/>\n<meta property=\"og:site_name\" content=\"Visita de Roma\" \/>\n<meta property=\"article:published_time\" content=\"2016-08-12T14:27:00+00:00\" \/>\n<meta property=\"article:modified_time\" content=\"2025-07-19T08:03:15+00:00\" \/>\n<meta property=\"og:image\" content=\"https:\/\/www.bestofrome.fr\/wp-content\/uploads\/2016\/08\/palazzo-del-freddo-gelateria-fassi.jpg\" \/>\n\t<meta property=\"og:image:width\" content=\"177\" \/>\n\t<meta property=\"og:image:height\" content=\"233\" \/>\n<meta name=\"twitter:label1\" content=\"Escrito por\" \/>\n\t<meta name=\"twitter:data1\" content=\"C\u00e9sar\" \/>\n\t<meta name=\"twitter:label2\" content=\"Tiempo de lectura\" \/>\n\t<meta name=\"twitter:data2\" content=\"1 minuto\" \/>\n<script type=\"application\/ld+json\" class=\"yoast-schema-graph\">{\"@context\":\"https:\/\/schema.org\",\"@graph\":[{\"@type\":\"Organization\",\"@id\":\"https:\/\/www.bestofrome.fr\/es\/#organization\",\"name\":\"Bestofrome.fr\",\"url\":\"https:\/\/www.bestofrome.fr\/es\/\",\"sameAs\":[],\"logo\":{\"@type\":\"ImageObject\",\"@id\":\"https:\/\/www.bestofrome.fr\/es\/#logo\",\"inLanguage\":\"es\",\"url\":\"https:\/\/www.bestofrome.fr\/wp-content\/uploads\/2025\/11\/logo512bestofrome.png\",\"contentUrl\":\"https:\/\/www.bestofrome.fr\/wp-content\/uploads\/2025\/11\/logo512bestofrome.png\",\"width\":512,\"height\":512,\"caption\":\"Bestofrome.fr\"},\"image\":{\"@id\":\"https:\/\/www.bestofrome.fr\/es\/#logo\"}},{\"@type\":\"WebSite\",\"@id\":\"https:\/\/www.bestofrome.fr\/es\/#website\",\"url\":\"https:\/\/www.bestofrome.fr\/es\/\",\"name\":\"Visita de Roma\",\"description\":\"Todo para viajar a Roma\",\"publisher\":{\"@id\":\"https:\/\/www.bestofrome.fr\/es\/#organization\"},\"potentialAction\":[{\"@type\":\"SearchAction\",\"target\":{\"@type\":\"EntryPoint\",\"urlTemplate\":\"https:\/\/www.bestofrome.fr\/es\/?s={search_term_string}\"},\"query-input\":\"required name=search_term_string\"}],\"inLanguage\":\"es\"},{\"@type\":\"ImageObject\",\"@id\":\"https:\/\/www.bestofrome.fr\/es\/palazzo-del-freddo-giovanni-fassi\/#primaryimage\",\"inLanguage\":\"es\",\"url\":\"https:\/\/www.bestofrome.fr\/wp-content\/uploads\/2016\/08\/palazzo-del-freddo-gelateria-fassi.jpg\",\"contentUrl\":\"https:\/\/www.bestofrome.fr\/wp-content\/uploads\/2016\/08\/palazzo-del-freddo-gelateria-fassi.jpg\",\"width\":177,\"height\":233,\"caption\":\"palazzo-del-freddo-gelateria-fassi\"},{\"@type\":\"WebPage\",\"@id\":\"https:\/\/www.bestofrome.fr\/es\/palazzo-del-freddo-giovanni-fassi\/#webpage\",\"url\":\"https:\/\/www.bestofrome.fr\/es\/palazzo-del-freddo-giovanni-fassi\/\",\"name\":\"Palazzo del Freddo Giovanni Fassi - Visita de Roma\",\"isPartOf\":{\"@id\":\"https:\/\/www.bestofrome.fr\/es\/#website\"},\"primaryImageOfPage\":{\"@id\":\"https:\/\/www.bestofrome.fr\/es\/palazzo-del-freddo-giovanni-fassi\/#primaryimage\"},\"datePublished\":\"2016-08-12T14:27:00+00:00\",\"dateModified\":\"2025-07-19T08:03:15+00:00\",\"breadcrumb\":{\"@id\":\"https:\/\/www.bestofrome.fr\/es\/palazzo-del-freddo-giovanni-fassi\/#breadcrumb\"},\"inLanguage\":\"es\",\"potentialAction\":[{\"@type\":\"ReadAction\",\"target\":[\"https:\/\/www.bestofrome.fr\/es\/palazzo-del-freddo-giovanni-fassi\/\"]}]},{\"@type\":\"BreadcrumbList\",\"@id\":\"https:\/\/www.bestofrome.fr\/es\/palazzo-del-freddo-giovanni-fassi\/#breadcrumb\",\"itemListElement\":[{\"@type\":\"ListItem\",\"position\":1,\"name\":\"Accueil\",\"item\":\"https:\/\/www.bestofrome.fr\/es\/\"},{\"@type\":\"ListItem\",\"position\":2,\"name\":\"Palazzo del Freddo Giovanni Fassi\"}]},{\"@type\":\"Article\",\"@id\":\"https:\/\/www.bestofrome.fr\/es\/palazzo-del-freddo-giovanni-fassi\/#article\",\"isPartOf\":{\"@id\":\"https:\/\/www.bestofrome.fr\/es\/palazzo-del-freddo-giovanni-fassi\/#webpage\"},\"author\":{\"@id\":\"https:\/\/www.bestofrome.fr\/es\/#\/schema\/person\/f611766d26241b06cbcf4eac35cf8825\"},\"headline\":\"Palazzo del Freddo Giovanni Fassi\",\"datePublished\":\"2016-08-12T14:27:00+00:00\",\"dateModified\":\"2025-07-19T08:03:15+00:00\",\"mainEntityOfPage\":{\"@id\":\"https:\/\/www.bestofrome.fr\/es\/palazzo-del-freddo-giovanni-fassi\/#webpage\"},\"wordCount\":123,\"commentCount\":0,\"publisher\":{\"@id\":\"https:\/\/www.bestofrome.fr\/es\/#organization\"},\"image\":{\"@id\":\"https:\/\/www.bestofrome.fr\/es\/palazzo-del-freddo-giovanni-fassi\/#primaryimage\"},\"thumbnailUrl\":\"https:\/\/www.bestofrome.fr\/wp-content\/uploads\/2016\/08\/palazzo-del-freddo-gelateria-fassi.jpg\",\"keywords\":[\"Helado\"],\"articleSection\":[\"Los glaciares en Roma: buenas direcciones\",\"Nuestra Roma favorita\"],\"inLanguage\":\"es\",\"potentialAction\":[{\"@type\":\"CommentAction\",\"name\":\"Comment\",\"target\":[\"https:\/\/www.bestofrome.fr\/es\/palazzo-del-freddo-giovanni-fassi\/#respond\"]}]},{\"@type\":\"Person\",\"@id\":\"https:\/\/www.bestofrome.fr\/es\/#\/schema\/person\/f611766d26241b06cbcf4eac35cf8825\",\"name\":\"C\\u00e9sar\",\"image\":{\"@type\":\"ImageObject\",\"@id\":\"https:\/\/www.bestofrome.fr\/es\/#personlogo\",\"inLanguage\":\"es\",\"url\":\"https:\/\/secure.gravatar.com\/avatar\/e5c3162350047f03c6a1083f7f2185e7?s=96&d=mm&r=g\",\"contentUrl\":\"https:\/\/secure.gravatar.com\/avatar\/e5c3162350047f03c6a1083f7f2185e7?s=96&d=mm&r=g\",\"caption\":\"C\\u00e9sar\"}}]}<\/script>\n<!-- \/ Yoast SEO plugin. -->","yoast_head_json":{"title":"Palazzo del Freddo Giovanni Fassi - Visita de Roma","robots":{"index":"index","follow":"follow","max-snippet":"max-snippet:-1","max-image-preview":"max-image-preview:large","max-video-preview":"max-video-preview:-1"},"canonical":"https:\/\/www.bestofrome.fr\/es\/palazzo-del-freddo-giovanni-fassi\/","og_locale":"es_ES","og_type":"article","og_title":"Palazzo del Freddo Giovanni Fassi - Visita de Roma","og_description":"El Palazzo del Freddo es un glaciar hist\u00f3rico en el barrio de l'Esquilin, no lejos de la estaci\u00f3n Termini, fundado en 1880, que todav\u00eda elabora helados artesanales y tambi\u00e9n caf\u00e9 y pasteler\u00edas. [...]","og_url":"https:\/\/www.bestofrome.fr\/es\/palazzo-del-freddo-giovanni-fassi\/","og_site_name":"Visita de Roma","article_published_time":"2016-08-12T14:27:00+00:00","article_modified_time":"2025-07-19T08:03:15+00:00","og_image":[{"width":177,"height":233,"url":"https:\/\/www.bestofrome.fr\/wp-content\/uploads\/2016\/08\/palazzo-del-freddo-gelateria-fassi.jpg","type":"image\/jpeg"}],"twitter_misc":{"Escrito por":"C\u00e9sar","Tiempo de lectura":"1 minuto"},"schema":{"@context":"https:\/\/schema.org","@graph":[{"@type":"Organization","@id":"https:\/\/www.bestofrome.fr\/es\/#organization","name":"Bestofrome.fr","url":"https:\/\/www.bestofrome.fr\/es\/","sameAs":[],"logo":{"@type":"ImageObject","@id":"https:\/\/www.bestofrome.fr\/es\/#logo","inLanguage":"es","url":"https:\/\/www.bestofrome.fr\/wp-content\/uploads\/2025\/11\/logo512bestofrome.png","contentUrl":"https:\/\/www.bestofrome.fr\/wp-content\/uploads\/2025\/11\/logo512bestofrome.png","width":512,"height":512,"caption":"Bestofrome.fr"},"image":{"@id":"https:\/\/www.bestofrome.fr\/es\/#logo"}},{"@type":"WebSite","@id":"https:\/\/www.bestofrome.fr\/es\/#website","url":"https:\/\/www.bestofrome.fr\/es\/","name":"Visita de Roma","description":"Todo para viajar a Roma","publisher":{"@id":"https:\/\/www.bestofrome.fr\/es\/#organization"},"potentialAction":[{"@type":"SearchAction","target":{"@type":"EntryPoint","urlTemplate":"https:\/\/www.bestofrome.fr\/es\/?s={search_term_string}"},"query-input":"required name=search_term_string"}],"inLanguage":"es"},{"@type":"ImageObject","@id":"https:\/\/www.bestofrome.fr\/es\/palazzo-del-freddo-giovanni-fassi\/#primaryimage","inLanguage":"es","url":"https:\/\/www.bestofrome.fr\/wp-content\/uploads\/2016\/08\/palazzo-del-freddo-gelateria-fassi.jpg","contentUrl":"https:\/\/www.bestofrome.fr\/wp-content\/uploads\/2016\/08\/palazzo-del-freddo-gelateria-fassi.jpg","width":177,"height":233,"caption":"palazzo-del-freddo-gelateria-fassi"},{"@type":"WebPage","@id":"https:\/\/www.bestofrome.fr\/es\/palazzo-del-freddo-giovanni-fassi\/#webpage","url":"https:\/\/www.bestofrome.fr\/es\/palazzo-del-freddo-giovanni-fassi\/","name":"Palazzo del Freddo Giovanni Fassi - Visita de Roma","isPartOf":{"@id":"https:\/\/www.bestofrome.fr\/es\/#website"},"primaryImageOfPage":{"@id":"https:\/\/www.bestofrome.fr\/es\/palazzo-del-freddo-giovanni-fassi\/#primaryimage"},"datePublished":"2016-08-12T14:27:00+00:00","dateModified":"2025-07-19T08:03:15+00:00","breadcrumb":{"@id":"https:\/\/www.bestofrome.fr\/es\/palazzo-del-freddo-giovanni-fassi\/#breadcrumb"},"inLanguage":"es","potentialAction":[{"@type":"ReadAction","target":["https:\/\/www.bestofrome.fr\/es\/palazzo-del-freddo-giovanni-fassi\/"]}]},{"@type":"BreadcrumbList","@id":"https:\/\/www.bestofrome.fr\/es\/palazzo-del-freddo-giovanni-fassi\/#breadcrumb","itemListElement":[{"@type":"ListItem","position":1,"name":"Accueil","item":"https:\/\/www.bestofrome.fr\/es\/"},{"@type":"ListItem","position":2,"name":"Palazzo del Freddo Giovanni Fassi"}]},{"@type":"Article","@id":"https:\/\/www.bestofrome.fr\/es\/palazzo-del-freddo-giovanni-fassi\/#article","isPartOf":{"@id":"https:\/\/www.bestofrome.fr\/es\/palazzo-del-freddo-giovanni-fassi\/#webpage"},"author":{"@id":"https:\/\/www.bestofrome.fr\/es\/#\/schema\/person\/f611766d26241b06cbcf4eac35cf8825"},"headline":"Palazzo del Freddo Giovanni Fassi","datePublished":"2016-08-12T14:27:00+00:00","dateModified":"2025-07-19T08:03:15+00:00","mainEntityOfPage":{"@id":"https:\/\/www.bestofrome.fr\/es\/palazzo-del-freddo-giovanni-fassi\/#webpage"},"wordCount":123,"commentCount":0,"publisher":{"@id":"https:\/\/www.bestofrome.fr\/es\/#organization"},"image":{"@id":"https:\/\/www.bestofrome.fr\/es\/palazzo-del-freddo-giovanni-fassi\/#primaryimage"},"thumbnailUrl":"https:\/\/www.bestofrome.fr\/wp-content\/uploads\/2016\/08\/palazzo-del-freddo-gelateria-fassi.jpg","keywords":["Helado"],"articleSection":["Los glaciares en Roma: buenas direcciones","Nuestra Roma favorita"],"inLanguage":"es","potentialAction":[{"@type":"CommentAction","name":"Comment","target":["https:\/\/www.bestofrome.fr\/es\/palazzo-del-freddo-giovanni-fassi\/#respond"]}]},{"@type":"Person","@id":"https:\/\/www.bestofrome.fr\/es\/#\/schema\/person\/f611766d26241b06cbcf4eac35cf8825","name":"C\u00e9sar","image":{"@type":"ImageObject","@id":"https:\/\/www.bestofrome.fr\/es\/#personlogo","inLanguage":"es","url":"https:\/\/secure.gravatar.com\/avatar\/e5c3162350047f03c6a1083f7f2185e7?s=96&d=mm&r=g","contentUrl":"https:\/\/secure.gravatar.com\/avatar\/e5c3162350047f03c6a1083f7f2185e7?s=96&d=mm&r=g","caption":"C\u00e9sar"}}]}},"_links":{"self":[{"href":"https:\/\/www.bestofrome.fr\/es\/wp-json\/wp\/v2\/posts\/33962"}],"collection":[{"href":"https:\/\/www.bestofrome.fr\/es\/wp-json\/wp\/v2\/posts"}],"about":[{"href":"https:\/\/www.bestofrome.fr\/es\/wp-json\/wp\/v2\/types\/post"}],"author":[{"embeddable":true,"href":"https:\/\/www.bestofrome.fr\/es\/wp-json\/wp\/v2\/users\/1"}],"replies":[{"embeddable":true,"href":"https:\/\/www.bestofrome.fr\/es\/wp-json\/wp\/v2\/comments?post=33962"}],"version-history":[{"count":1,"href":"https:\/\/www.bestofrome.fr\/es\/wp-json\/wp\/v2\/posts\/33962\/revisions"}],"predecessor-version":[{"id":33964,"href":"https:\/\/www.bestofrome.fr\/es\/wp-json\/wp\/v2\/posts\/33962\/revisions\/33964"}],"wp:featuredmedia":[{"embeddable":true,"href":"https:\/\/www.bestofrome.fr\/es\/wp-json\/wp\/v2\/media\/25038"}],"wp:attachment":[{"href":"https:\/\/www.bestofrome.fr\/es\/wp-json\/wp\/v2\/media?parent=33962"}],"wp:term":[{"taxonomy":"category","embeddable":true,"href":"https:\/\/www.bestofrome.fr\/es\/wp-json\/wp\/v2\/categories?post=33962"},{"taxonomy":"post_tag","embeddable":true,"href":"https:\/\/www.bestofrome.fr\/es\/wp-json\/wp\/v2\/tags?post=33962"}],"curies":[{"name":"wp","href":"https:\/\/api.w.org\/{rel}","templated":true}]}}