{"id":1171,"date":"2012-11-02T16:56:30","date_gmt":"2012-11-02T15:56:30","guid":{"rendered":"http:\/\/www.bestofrome.fr\/le-climat-a-rome-et-temperatures-moyennes\/"},"modified":"2025-07-11T18:41:04","modified_gmt":"2025-07-11T17:41:04","slug":"clima-roma-temperature","status":"publish","type":"post","link":"https:\/\/www.bestofrome.fr\/it\/clima-roma-temperature\/","title":{"rendered":"Clima in Roma e temperature medie"},"content":{"rendered":"<div id=\"attachment_31912\" style=\"width: 310px\" class=\"wp-caption alignright\"><a href=\"https:\/\/www.bestofrome.fr\/wp-content\/uploads\/2012\/11\/colosseo-roma-sotto-la-neve_6081.jpg\"><img aria-describedby=\"caption-attachment-31912\" loading=\"lazy\" class=\"wp-image-31912 size-medium\" title=\"Neve a Roma\" src=\"https:\/\/www.bestofrome.fr\/wp-content\/uploads\/2012\/11\/colosseo-roma-sotto-la-neve_6081-300x200.jpg\" alt=\"Colosseo sotto la neve a Roma\" width=\"300\" height=\"200\" srcset=\"https:\/\/www.bestofrome.fr\/wp-content\/uploads\/2012\/11\/colosseo-roma-sotto-la-neve_6081-300x200.jpg 300w, https:\/\/www.bestofrome.fr\/wp-content\/uploads\/2012\/11\/colosseo-roma-sotto-la-neve_6081-1024x683.jpg 1024w, https:\/\/www.bestofrome.fr\/wp-content\/uploads\/2012\/11\/colosseo-roma-sotto-la-neve_6081-768x512.jpg 768w, https:\/\/www.bestofrome.fr\/wp-content\/uploads\/2012\/11\/colosseo-roma-sotto-la-neve_6081-150x100.jpg 150w, https:\/\/www.bestofrome.fr\/wp-content\/uploads\/2012\/11\/colosseo-roma-sotto-la-neve_6081-400x267.jpg 400w, https:\/\/www.bestofrome.fr\/wp-content\/uploads\/2012\/11\/colosseo-roma-sotto-la-neve_6081.jpg 1200w\" sizes=\"(max-width: 300px) 100vw, 300px\" \/><\/a><p id=\"caption-attachment-31912\" class=\"wp-caption-text\">Colosseo sotto la neve<\/p><\/div>\n<p>Tecnicamente, il <strong>clima a Roma<\/strong> \u00e8 del tipo noto come &#8220;CSA&#8221;, secondo la classificazione di K\u00f6ppen. Detto altrimenti, \u00e8 un clima temperato delle latitudini medie, con estate caldo. Questo \u00e8 in realt\u00e0 un tipico clima <strong>mediterraneo<\/strong> mite e gradevole in primavera e autunno.<\/p>\n<p>Le precipitazioni si verificano principalmente in primavera e in autunno, soprattutto nei mesi di novembre e aprile.<br>\nL&#8217;estate \u00e8 caldo e umido, con siccit\u00e0 occasionali. L&#8217;inverno \u00e8 piuttosto mite, nonostante picchi forti e improvvisi freddi e piovosi, e raramente con la neve.<\/p>\n<p>Generalmente, il clima \u00e8 moderatamente ventoso.<\/p>\n<table style=\"width: 85%; height: 120px;\" border=\"1\" cellspacing=\"0\" cellpadding=\"0\">\n<tbody>\n<tr>\n<td width=\"20%\"><\/td>\n<td bgcolor=\"#FFFFFF\">\n<div align=\"center\"><strong>GEN<\/strong><\/div>\n<\/td>\n<td bgcolor=\"#FFFFFF\">\n<div align=\"center\"><strong>FEB<\/strong><\/div>\n<\/td>\n<td bgcolor=\"#FFFFFF\">\n<div align=\"center\"><strong>MAR<\/strong><\/div>\n<\/td>\n<td bgcolor=\"#FFFFFF\">\n<div align=\"center\"><strong>APR<\/strong><\/div>\n<\/td>\n<td bgcolor=\"#FFFFFF\">\n<div align=\"center\"><strong>MAG<\/strong><\/div>\n<\/td>\n<td bgcolor=\"#FFFFFF\">\n<div align=\"center\"><strong>GIU<\/strong><\/div>\n<\/td>\n<td bgcolor=\"#FFFFFF\">\n<div align=\"center\"><strong>LUG<\/strong><\/div>\n<\/td>\n<td bgcolor=\"#FFFFFF\">\n<div align=\"center\"><strong>AGO<\/strong><\/div>\n<\/td>\n<td bgcolor=\"#FFFFFF\">\n<div align=\"center\"><strong>SET<\/strong><\/div>\n<\/td>\n<td bgcolor=\"#FFFFFF\">\n<div align=\"center\"><strong>OTT<\/strong><\/div>\n<\/td>\n<td bgcolor=\"#FFFFFF\">\n<div align=\"center\"><strong>NOV<\/strong><\/div>\n<\/td>\n<td bgcolor=\"#FFFFFF\">\n<div align=\"center\"><strong>DIC<\/strong><\/div>\n<\/td>\n<\/tr>\n<tr>\n<td bgcolor=\"#FF8C55\"><span class=\"Style7\">T\u00b0 mas med <\/span><\/td>\n<td bgcolor=\"#FFD9C6\">\n<div align=\"center\">12<\/div>\n<\/td>\n<td bgcolor=\"#FFD9C6\">\n<div align=\"center\">13<\/div>\n<\/td>\n<td bgcolor=\"#FFD9C6\">\n<div align=\"center\">16<\/div>\n<\/td>\n<td bgcolor=\"#FFD9C6\">\n<div align=\"center\">18<\/div>\n<\/td>\n<td bgcolor=\"#FFD9C6\">\n<div align=\"center\">23<\/div>\n<\/td>\n<td bgcolor=\"#FFD9C6\">\n<div align=\"center\">27<\/div>\n<\/td>\n<td bgcolor=\"#FFD9C6\">\n<div align=\"center\">30<\/div>\n<\/td>\n<td bgcolor=\"#FFD9C6\">\n<div align=\"center\">30<\/div>\n<\/td>\n<td bgcolor=\"#FFD9C6\">\n<div align=\"center\">27<\/div>\n<\/td>\n<td bgcolor=\"#FFD9C6\">\n<div align=\"center\">22<\/div>\n<\/td>\n<td bgcolor=\"#FFD9C6\">\n<div align=\"center\">17<\/div>\n<\/td>\n<td bgcolor=\"#FFD9C6\">\n<div align=\"center\">13<\/div>\n<\/td>\n<\/tr>\n<tr>\n<td bgcolor=\"#4FC6FF\">\n<p class=\"Style7\">T\u00b0 min med<\/p>\n<\/td>\n<td bgcolor=\"#CCEEFF\">\n<div align=\"center\">3<\/div>\n<\/td>\n<td bgcolor=\"#CCEEFF\">\n<div align=\"center\">4<\/div>\n<\/td>\n<td bgcolor=\"#CCEEFF\">\n<div align=\"center\">5<\/div>\n<\/td>\n<td bgcolor=\"#CCEEFF\">\n<div align=\"center\">8<\/div>\n<\/td>\n<td bgcolor=\"#CCEEFF\">\n<div align=\"center\">11<\/div>\n<\/td>\n<td bgcolor=\"#CCEEFF\">\n<div align=\"center\">15<\/div>\n<\/td>\n<td bgcolor=\"#CCEEFF\">\n<div align=\"center\">17<\/div>\n<\/td>\n<td bgcolor=\"#CCEEFF\">\n<div align=\"center\">18<\/div>\n<\/td>\n<td bgcolor=\"#CCEEFF\">\n<div align=\"center\">15<\/div>\n<\/td>\n<td bgcolor=\"#CCEEFF\">\n<div align=\"center\">11<\/div>\n<\/td>\n<td bgcolor=\"#CCEEFF\">\n<div align=\"center\">7<\/div>\n<\/td>\n<td bgcolor=\"#CCEEFF\">\n<div align=\"center\">4<\/div>\n<\/td>\n<\/tr>\n<tr>\n<td bgcolor=\"#DDFFFF\"><span class=\"Style7\">giorni di pioggia <\/span><\/td>\n<td bgcolor=\"#ECFFF8\">\n<div align=\"center\">14<\/div>\n<\/td>\n<td bgcolor=\"#ECFFF8\">\n<div align=\"center\">13<\/div>\n<\/td>\n<td bgcolor=\"#ECFFF8\">\n<div align=\"center\">13<\/div>\n<\/td>\n<td bgcolor=\"#ECFFF8\">\n<div align=\"center\">13<\/div>\n<\/td>\n<td bgcolor=\"#ECFFF8\">\n<div align=\"center\">10<\/div>\n<\/td>\n<td bgcolor=\"#ECFFF8\">\n<div align=\"center\">8<\/div>\n<\/td>\n<td bgcolor=\"#ECFFF8\">\n<div align=\"center\">5<\/div>\n<\/td>\n<td bgcolor=\"#ECFFF8\">\n<div align=\"center\">6<\/div>\n<\/td>\n<td bgcolor=\"#ECFFF8\">\n<div align=\"center\">9<\/div>\n<\/td>\n<td bgcolor=\"#ECFFF8\">\n<div align=\"center\">12<\/div>\n<\/td>\n<td bgcolor=\"#ECFFF8\">\n<div align=\"center\">15<\/div>\n<\/td>\n<td bgcolor=\"#ECFFF8\">\n<div align=\"center\">14<\/div>\n<\/td>\n<\/tr>\n<tr>\n<td bgcolor=\"#D7FFFF\"><span class=\"Style7\">piovosit\u00e0 (mm) <\/span><\/td>\n<td bgcolor=\"#ECFFF8\">\n<div align=\"center\">83<\/div>\n<\/td>\n<td bgcolor=\"#ECFFF8\">\n<div align=\"center\">75<\/div>\n<\/td>\n<td bgcolor=\"#ECFFF8\">\n<div align=\"center\">68<\/div>\n<\/td>\n<td bgcolor=\"#ECFFF8\">\n<div align=\"center\">62<\/div>\n<\/td>\n<td bgcolor=\"#ECFFF8\">\n<div align=\"center\">45<\/div>\n<\/td>\n<td bgcolor=\"#ECFFF8\">\n<div align=\"center\">37<\/div>\n<\/td>\n<td bgcolor=\"#ECFFF8\">\n<div align=\"center\">19<\/div>\n<\/td>\n<td bgcolor=\"#ECFFF8\">\n<div align=\"center\">35<\/div>\n<\/td>\n<td bgcolor=\"#ECFFF8\">\n<div align=\"center\">75<\/div>\n<\/td>\n<td bgcolor=\"#ECFFF8\">\n<div align=\"center\">97<\/div>\n<\/td>\n<td bgcolor=\"#ECFFF8\">\n<div align=\"center\">117<\/div>\n<\/td>\n<td bgcolor=\"#ECFFF8\">\n<div align=\"center\">98<\/div>\n<\/td>\n<\/tr>\n<\/tbody>\n<\/table>\n<p><em>Statistiche Clima di Roma, temperature e piovosit\u00e0 media mensile<\/em><\/p>\n<p><em>&nbsp;<\/em><\/p>\n\n\n<figure class=\"wp-block-gallery columns-1 is-cropped\"><ul class=\"blocks-gallery-grid\"><li class=\"blocks-gallery-item\"><figure><a href=\"https:\/\/www.bestofrome.fr\/wp-content\/uploads\/2012\/11\/weather-in-rome-meteo.jpg\"><img loading=\"lazy\" width=\"1000\" height=\"631\" src=\"https:\/\/www.bestofrome.fr\/wp-content\/uploads\/2012\/11\/weather-in-rome-meteo.jpg\" alt=\"Clima e meteo a Roma\" data-id=\"32709\" data-full-url=\"https:\/\/www.bestofrome.fr\/wp-content\/uploads\/2012\/11\/weather-in-rome-meteo.jpg\" data-link=\"https:\/\/www.bestofrome.fr\/it\/clima-roma-temperature\/weather-in-rome-meteo-2-2\/\" class=\"wp-image-32709\" srcset=\"https:\/\/www.bestofrome.fr\/wp-content\/uploads\/2012\/11\/weather-in-rome-meteo.jpg 1000w, https:\/\/www.bestofrome.fr\/wp-content\/uploads\/2012\/11\/weather-in-rome-meteo-300x189.jpg 300w, https:\/\/www.bestofrome.fr\/wp-content\/uploads\/2012\/11\/weather-in-rome-meteo-768x485.jpg 768w, https:\/\/www.bestofrome.fr\/wp-content\/uploads\/2012\/11\/weather-in-rome-meteo-150x95.jpg 150w, https:\/\/www.bestofrome.fr\/wp-content\/uploads\/2012\/11\/weather-in-rome-meteo-400x252.jpg 400w\" sizes=\"(max-width: 1000px) 100vw, 1000px\" \/><\/a><\/figure><\/li><\/ul><\/figure>\n","protected":false},"excerpt":{"rendered":"<p>Descrizione del <strong>clima a Roma<\/strong>, statistiche, temperature e precipitazioni. Tipicamente <strong>mediterraneo<\/strong>, in inverno, per\u00f2, sono qualque picco di freddo e di umidit\u00e0, l&#8217;estate \u00e8 caldo. [&#8230;]<\/p>\n","protected":false},"author":1,"featured_media":32709,"comment_status":"open","ping_status":"open","sticky":false,"template":"","format":"standard","meta":{"_links_to":"","_links_to_target":""},"categories":[172,178],"tags":[330],"yoast_head":"<!-- This site is optimized with the Yoast SEO plugin v17.4 - https:\/\/yoast.com\/wordpress\/plugins\/seo\/ -->\n<title>Clima in Roma e temperature medie - Visita di Roma<\/title>\n<meta name=\"description\" content=\"Description du climat \u00e0 Rome, statistiques, temp\u00e9ratures et pluviom\u00e9trie moyennes. Typiquement m\u00e9diterran\u00e9en, l&#039;hiver connait cependant qualques pointes de froid et d&#039;humidit\u00e9, l&#039;\u00e9t\u00e9 est chaud.\" \/>\n<meta name=\"robots\" content=\"index, follow, max-snippet:-1, max-image-preview:large, max-video-preview:-1\" \/>\n<link rel=\"canonical\" href=\"https:\/\/www.bestofrome.fr\/it\/clima-roma-temperature\/\" \/>\n<meta property=\"og:locale\" content=\"it_IT\" \/>\n<meta property=\"og:type\" content=\"article\" \/>\n<meta property=\"og:title\" content=\"Clima in Roma e temperature medie - Visita di Roma\" \/>\n<meta property=\"og:description\" content=\"Description du climat \u00e0 Rome, statistiques, temp\u00e9ratures et pluviom\u00e9trie moyennes. Typiquement m\u00e9diterran\u00e9en, l&#039;hiver connait cependant qualques pointes de froid et d&#039;humidit\u00e9, l&#039;\u00e9t\u00e9 est chaud.\" \/>\n<meta property=\"og:url\" content=\"https:\/\/www.bestofrome.fr\/it\/clima-roma-temperature\/\" \/>\n<meta property=\"og:site_name\" content=\"Visita di Roma\" \/>\n<meta property=\"article:published_time\" content=\"2012-11-02T15:56:30+00:00\" \/>\n<meta property=\"article:modified_time\" content=\"2025-07-11T17:41:04+00:00\" \/>\n<meta property=\"og:image\" content=\"https:\/\/www.bestofrome.fr\/wp-content\/uploads\/2012\/11\/weather-in-rome-meteo.jpg\" \/>\n\t<meta property=\"og:image:width\" content=\"1000\" \/>\n\t<meta property=\"og:image:height\" content=\"631\" \/>\n<meta name=\"twitter:label1\" content=\"Scritto da\" \/>\n\t<meta name=\"twitter:data1\" content=\"C\u00e9sar\" \/>\n\t<meta name=\"twitter:label2\" content=\"Tempo di lettura stimato\" \/>\n\t<meta name=\"twitter:data2\" content=\"2 minuti\" \/>\n<script type=\"application\/ld+json\" class=\"yoast-schema-graph\">{\"@context\":\"https:\/\/schema.org\",\"@graph\":[{\"@type\":\"Organization\",\"@id\":\"https:\/\/www.bestofrome.fr\/it\/#organization\",\"name\":\"Bestofrome.fr\",\"url\":\"https:\/\/www.bestofrome.fr\/it\/\",\"sameAs\":[],\"logo\":{\"@type\":\"ImageObject\",\"@id\":\"https:\/\/www.bestofrome.fr\/it\/#logo\",\"inLanguage\":\"it-IT\",\"url\":\"https:\/\/www.bestofrome.fr\/wp-content\/uploads\/2025\/11\/logo512bestofrome.png\",\"contentUrl\":\"https:\/\/www.bestofrome.fr\/wp-content\/uploads\/2025\/11\/logo512bestofrome.png\",\"width\":512,\"height\":512,\"caption\":\"Bestofrome.fr\"},\"image\":{\"@id\":\"https:\/\/www.bestofrome.fr\/it\/#logo\"}},{\"@type\":\"WebSite\",\"@id\":\"https:\/\/www.bestofrome.fr\/it\/#website\",\"url\":\"https:\/\/www.bestofrome.fr\/it\/\",\"name\":\"Visita di Roma\",\"description\":\"Tutto per scoprire Roma\",\"publisher\":{\"@id\":\"https:\/\/www.bestofrome.fr\/it\/#organization\"},\"potentialAction\":[{\"@type\":\"SearchAction\",\"target\":{\"@type\":\"EntryPoint\",\"urlTemplate\":\"https:\/\/www.bestofrome.fr\/it\/?s={search_term_string}\"},\"query-input\":\"required name=search_term_string\"}],\"inLanguage\":\"it-IT\"},{\"@type\":\"ImageObject\",\"@id\":\"https:\/\/www.bestofrome.fr\/it\/clima-roma-temperature\/#primaryimage\",\"inLanguage\":\"it-IT\",\"url\":\"https:\/\/www.bestofrome.fr\/wp-content\/uploads\/2012\/11\/weather-in-rome-meteo.jpg\",\"contentUrl\":\"https:\/\/www.bestofrome.fr\/wp-content\/uploads\/2012\/11\/weather-in-rome-meteo.jpg\",\"width\":1000,\"height\":631,\"caption\":\"Clima e meteo a Roma\"},{\"@type\":\"WebPage\",\"@id\":\"https:\/\/www.bestofrome.fr\/it\/clima-roma-temperature\/#webpage\",\"url\":\"https:\/\/www.bestofrome.fr\/it\/clima-roma-temperature\/\",\"name\":\"Clima in Roma e temperature medie - Visita di Roma\",\"isPartOf\":{\"@id\":\"https:\/\/www.bestofrome.fr\/it\/#website\"},\"primaryImageOfPage\":{\"@id\":\"https:\/\/www.bestofrome.fr\/it\/clima-roma-temperature\/#primaryimage\"},\"datePublished\":\"2012-11-02T15:56:30+00:00\",\"dateModified\":\"2025-07-11T17:41:04+00:00\",\"description\":\"Description du climat \\u00e0 Rome, statistiques, temp\\u00e9ratures et pluviom\\u00e9trie moyennes. Typiquement m\\u00e9diterran\\u00e9en, l'hiver connait cependant qualques pointes de froid et d'humidit\\u00e9, l'\\u00e9t\\u00e9 est chaud.\",\"breadcrumb\":{\"@id\":\"https:\/\/www.bestofrome.fr\/it\/clima-roma-temperature\/#breadcrumb\"},\"inLanguage\":\"it-IT\",\"potentialAction\":[{\"@type\":\"ReadAction\",\"target\":[\"https:\/\/www.bestofrome.fr\/it\/clima-roma-temperature\/\"]}]},{\"@type\":\"BreadcrumbList\",\"@id\":\"https:\/\/www.bestofrome.fr\/it\/clima-roma-temperature\/#breadcrumb\",\"itemListElement\":[{\"@type\":\"ListItem\",\"position\":1,\"name\":\"Accueil\",\"item\":\"https:\/\/www.bestofrome.fr\/it\/\"},{\"@type\":\"ListItem\",\"position\":2,\"name\":\"Clima in Roma e temperature medie\"}]},{\"@type\":\"Article\",\"@id\":\"https:\/\/www.bestofrome.fr\/it\/clima-roma-temperature\/#article\",\"isPartOf\":{\"@id\":\"https:\/\/www.bestofrome.fr\/it\/clima-roma-temperature\/#webpage\"},\"author\":{\"@id\":\"https:\/\/www.bestofrome.fr\/it\/#\/schema\/person\/f611766d26241b06cbcf4eac35cf8825\"},\"headline\":\"Clima in Roma e temperature medie\",\"datePublished\":\"2012-11-02T15:56:30+00:00\",\"dateModified\":\"2025-07-11T17:41:04+00:00\",\"mainEntityOfPage\":{\"@id\":\"https:\/\/www.bestofrome.fr\/it\/clima-roma-temperature\/#webpage\"},\"wordCount\":136,\"commentCount\":0,\"publisher\":{\"@id\":\"https:\/\/www.bestofrome.fr\/it\/#organization\"},\"image\":{\"@id\":\"https:\/\/www.bestofrome.fr\/it\/clima-roma-temperature\/#primaryimage\"},\"thumbnailUrl\":\"https:\/\/www.bestofrome.fr\/wp-content\/uploads\/2012\/11\/weather-in-rome-meteo.jpg\",\"keywords\":[\"Meteo Roma\"],\"articleSection\":[\"Informazioni Pratiche\",\"Meteo e clima\"],\"inLanguage\":\"it-IT\",\"potentialAction\":[{\"@type\":\"CommentAction\",\"name\":\"Comment\",\"target\":[\"https:\/\/www.bestofrome.fr\/it\/clima-roma-temperature\/#respond\"]}]},{\"@type\":\"Person\",\"@id\":\"https:\/\/www.bestofrome.fr\/it\/#\/schema\/person\/f611766d26241b06cbcf4eac35cf8825\",\"name\":\"C\\u00e9sar\",\"image\":{\"@type\":\"ImageObject\",\"@id\":\"https:\/\/www.bestofrome.fr\/it\/#personlogo\",\"inLanguage\":\"it-IT\",\"url\":\"https:\/\/secure.gravatar.com\/avatar\/e5c3162350047f03c6a1083f7f2185e7?s=96&d=mm&r=g\",\"contentUrl\":\"https:\/\/secure.gravatar.com\/avatar\/e5c3162350047f03c6a1083f7f2185e7?s=96&d=mm&r=g\",\"caption\":\"C\\u00e9sar\"}}]}<\/script>\n<!-- \/ Yoast SEO plugin. -->","yoast_head_json":{"title":"Clima in Roma e temperature medie - Visita di Roma","description":"Description du climat \u00e0 Rome, statistiques, temp\u00e9ratures et pluviom\u00e9trie moyennes. Typiquement m\u00e9diterran\u00e9en, l'hiver connait cependant qualques pointes de froid et d'humidit\u00e9, l'\u00e9t\u00e9 est chaud.","robots":{"index":"index","follow":"follow","max-snippet":"max-snippet:-1","max-image-preview":"max-image-preview:large","max-video-preview":"max-video-preview:-1"},"canonical":"https:\/\/www.bestofrome.fr\/it\/clima-roma-temperature\/","og_locale":"it_IT","og_type":"article","og_title":"Clima in Roma e temperature medie - Visita di Roma","og_description":"Description du climat \u00e0 Rome, statistiques, temp\u00e9ratures et pluviom\u00e9trie moyennes. Typiquement m\u00e9diterran\u00e9en, l'hiver connait cependant qualques pointes de froid et d'humidit\u00e9, l'\u00e9t\u00e9 est chaud.","og_url":"https:\/\/www.bestofrome.fr\/it\/clima-roma-temperature\/","og_site_name":"Visita di Roma","article_published_time":"2012-11-02T15:56:30+00:00","article_modified_time":"2025-07-11T17:41:04+00:00","og_image":[{"width":1000,"height":631,"url":"https:\/\/www.bestofrome.fr\/wp-content\/uploads\/2012\/11\/weather-in-rome-meteo.jpg","type":"image\/jpeg"}],"twitter_misc":{"Scritto da":"C\u00e9sar","Tempo di lettura stimato":"2 minuti"},"schema":{"@context":"https:\/\/schema.org","@graph":[{"@type":"Organization","@id":"https:\/\/www.bestofrome.fr\/it\/#organization","name":"Bestofrome.fr","url":"https:\/\/www.bestofrome.fr\/it\/","sameAs":[],"logo":{"@type":"ImageObject","@id":"https:\/\/www.bestofrome.fr\/it\/#logo","inLanguage":"it-IT","url":"https:\/\/www.bestofrome.fr\/wp-content\/uploads\/2025\/11\/logo512bestofrome.png","contentUrl":"https:\/\/www.bestofrome.fr\/wp-content\/uploads\/2025\/11\/logo512bestofrome.png","width":512,"height":512,"caption":"Bestofrome.fr"},"image":{"@id":"https:\/\/www.bestofrome.fr\/it\/#logo"}},{"@type":"WebSite","@id":"https:\/\/www.bestofrome.fr\/it\/#website","url":"https:\/\/www.bestofrome.fr\/it\/","name":"Visita di Roma","description":"Tutto per scoprire Roma","publisher":{"@id":"https:\/\/www.bestofrome.fr\/it\/#organization"},"potentialAction":[{"@type":"SearchAction","target":{"@type":"EntryPoint","urlTemplate":"https:\/\/www.bestofrome.fr\/it\/?s={search_term_string}"},"query-input":"required name=search_term_string"}],"inLanguage":"it-IT"},{"@type":"ImageObject","@id":"https:\/\/www.bestofrome.fr\/it\/clima-roma-temperature\/#primaryimage","inLanguage":"it-IT","url":"https:\/\/www.bestofrome.fr\/wp-content\/uploads\/2012\/11\/weather-in-rome-meteo.jpg","contentUrl":"https:\/\/www.bestofrome.fr\/wp-content\/uploads\/2012\/11\/weather-in-rome-meteo.jpg","width":1000,"height":631,"caption":"Clima e meteo a Roma"},{"@type":"WebPage","@id":"https:\/\/www.bestofrome.fr\/it\/clima-roma-temperature\/#webpage","url":"https:\/\/www.bestofrome.fr\/it\/clima-roma-temperature\/","name":"Clima in Roma e temperature medie - Visita di Roma","isPartOf":{"@id":"https:\/\/www.bestofrome.fr\/it\/#website"},"primaryImageOfPage":{"@id":"https:\/\/www.bestofrome.fr\/it\/clima-roma-temperature\/#primaryimage"},"datePublished":"2012-11-02T15:56:30+00:00","dateModified":"2025-07-11T17:41:04+00:00","description":"Description du climat \u00e0 Rome, statistiques, temp\u00e9ratures et pluviom\u00e9trie moyennes. Typiquement m\u00e9diterran\u00e9en, l'hiver connait cependant qualques pointes de froid et d'humidit\u00e9, l'\u00e9t\u00e9 est chaud.","breadcrumb":{"@id":"https:\/\/www.bestofrome.fr\/it\/clima-roma-temperature\/#breadcrumb"},"inLanguage":"it-IT","potentialAction":[{"@type":"ReadAction","target":["https:\/\/www.bestofrome.fr\/it\/clima-roma-temperature\/"]}]},{"@type":"BreadcrumbList","@id":"https:\/\/www.bestofrome.fr\/it\/clima-roma-temperature\/#breadcrumb","itemListElement":[{"@type":"ListItem","position":1,"name":"Accueil","item":"https:\/\/www.bestofrome.fr\/it\/"},{"@type":"ListItem","position":2,"name":"Clima in Roma e temperature medie"}]},{"@type":"Article","@id":"https:\/\/www.bestofrome.fr\/it\/clima-roma-temperature\/#article","isPartOf":{"@id":"https:\/\/www.bestofrome.fr\/it\/clima-roma-temperature\/#webpage"},"author":{"@id":"https:\/\/www.bestofrome.fr\/it\/#\/schema\/person\/f611766d26241b06cbcf4eac35cf8825"},"headline":"Clima in Roma e temperature medie","datePublished":"2012-11-02T15:56:30+00:00","dateModified":"2025-07-11T17:41:04+00:00","mainEntityOfPage":{"@id":"https:\/\/www.bestofrome.fr\/it\/clima-roma-temperature\/#webpage"},"wordCount":136,"commentCount":0,"publisher":{"@id":"https:\/\/www.bestofrome.fr\/it\/#organization"},"image":{"@id":"https:\/\/www.bestofrome.fr\/it\/clima-roma-temperature\/#primaryimage"},"thumbnailUrl":"https:\/\/www.bestofrome.fr\/wp-content\/uploads\/2012\/11\/weather-in-rome-meteo.jpg","keywords":["Meteo Roma"],"articleSection":["Informazioni Pratiche","Meteo e clima"],"inLanguage":"it-IT","potentialAction":[{"@type":"CommentAction","name":"Comment","target":["https:\/\/www.bestofrome.fr\/it\/clima-roma-temperature\/#respond"]}]},{"@type":"Person","@id":"https:\/\/www.bestofrome.fr\/it\/#\/schema\/person\/f611766d26241b06cbcf4eac35cf8825","name":"C\u00e9sar","image":{"@type":"ImageObject","@id":"https:\/\/www.bestofrome.fr\/it\/#personlogo","inLanguage":"it-IT","url":"https:\/\/secure.gravatar.com\/avatar\/e5c3162350047f03c6a1083f7f2185e7?s=96&d=mm&r=g","contentUrl":"https:\/\/secure.gravatar.com\/avatar\/e5c3162350047f03c6a1083f7f2185e7?s=96&d=mm&r=g","caption":"C\u00e9sar"}}]}},"_links":{"self":[{"href":"https:\/\/www.bestofrome.fr\/it\/wp-json\/wp\/v2\/posts\/1171"}],"collection":[{"href":"https:\/\/www.bestofrome.fr\/it\/wp-json\/wp\/v2\/posts"}],"about":[{"href":"https:\/\/www.bestofrome.fr\/it\/wp-json\/wp\/v2\/types\/post"}],"author":[{"embeddable":true,"href":"https:\/\/www.bestofrome.fr\/it\/wp-json\/wp\/v2\/users\/1"}],"replies":[{"embeddable":true,"href":"https:\/\/www.bestofrome.fr\/it\/wp-json\/wp\/v2\/comments?post=1171"}],"version-history":[{"count":8,"href":"https:\/\/www.bestofrome.fr\/it\/wp-json\/wp\/v2\/posts\/1171\/revisions"}],"predecessor-version":[{"id":32719,"href":"https:\/\/www.bestofrome.fr\/it\/wp-json\/wp\/v2\/posts\/1171\/revisions\/32719"}],"wp:featuredmedia":[{"embeddable":true,"href":"https:\/\/www.bestofrome.fr\/it\/wp-json\/wp\/v2\/media\/32709"}],"wp:attachment":[{"href":"https:\/\/www.bestofrome.fr\/it\/wp-json\/wp\/v2\/media?parent=1171"}],"wp:term":[{"taxonomy":"category","embeddable":true,"href":"https:\/\/www.bestofrome.fr\/it\/wp-json\/wp\/v2\/categories?post=1171"},{"taxonomy":"post_tag","embeddable":true,"href":"https:\/\/www.bestofrome.fr\/it\/wp-json\/wp\/v2\/tags?post=1171"}],"curies":[{"name":"wp","href":"https:\/\/api.w.org\/{rel}","templated":true}]}}