{"id":1253,"date":"2023-09-21T15:07:00","date_gmt":"2023-09-21T14:07:00","guid":{"rendered":"http:\/\/www.bestofrome.fr\/panoramas-et-autres-a-rome\/"},"modified":"2025-06-30T14:00:10","modified_gmt":"2025-06-30T13:00:10","slug":"panorami-e-altro-a-roma","status":"publish","type":"post","link":"https:\/\/www.bestofrome.fr\/it\/panorami-e-altro-a-roma\/","title":{"rendered":"Belvedere e panorami di Roma: colline e terrazze"},"content":{"rendered":"\n<p>I <strong>panorami di Roma<\/strong> offrono prospettive uniche sulla citt\u00e0 dalle sue colline e terrazze. Questo articolo presenta i principali punti di vista, come la <strong>Piazza Garibaldi sul Gianicolo<\/strong>, la<strong> terrazza del Pincio<\/strong> sopra la Piazza del Popolo, il <strong>belvedere del Giardino degli Aranci<\/strong> sull&#8217;Aventino e la <strong>vista sul Foro Romano dal Campidoglio<\/strong>, ma anche luoghi meno conosciuti con il <strong>Monte Mario<\/strong>, punto culminante di Roma.<\/p>\n<h2>Panorama dal Gianicolo Piazza Garibaldi<\/h2>\n<p>Dall&#8217;altro lato del Tevere, il colle del <strong>Gianicolo<\/strong> domina il <a href=\"https:\/\/www.bestofrome.fr\/it\/site\/trastevere\/\">quartiere del Trastevere<\/a>. Questo \u00e8 il punto di vista pi\u00f9 famoso della citt\u00e0 intorno a Piazza Garibaldi, dove ogni mezzogiorno viene sparato il tradizionale colpo di cannone a salve. Da un lato la vista abbraccia gran parte di Roma, dall&#8217;altro emerge la grande cupola della Basilica di San Pietro.<br \/>\nQuesti luoghi romantici sono spesso gli appuntamenti dei giovani italiani innamorati.<\/p>\n<h2>Pincio: terrazza panoramica<\/h2>\n<p>La piccola collina del <a href=\"https:\/\/www.bestofrome.fr\/it\/parchi-giardini-roma\/#Parco-del-Pincio\">Pincio<\/a> domina la Piazza del Popolo, a nord del Campo Marzo e del centro storico. Dalla terrazza di Piazza Napoleone I si ha una bella vista sulla citt\u00e0 e sul Vaticano, con in primo piano Piazza del Popolo.<\/p>\n\n\t\t<style type=\"text\/css\">\n\t\t\t#gallery-1 {\n\t\t\t\tmargin: auto;\n\t\t\t}\n\t\t\t#gallery-1 .gallery-item {\n\t\t\t\tfloat: left;\n\t\t\t\tmargin-top: 10px;\n\t\t\t\ttext-align: center;\n\t\t\t\twidth: 25%;\n\t\t\t}\n\t\t\t#gallery-1 img {\n\t\t\t\tborder: 2px solid #cfcfcf;\n\t\t\t}\n\t\t\t#gallery-1 .gallery-caption {\n\t\t\t\tmargin-left: 0;\n\t\t\t}\n\t\t\t\/* see gallery_shortcode() in wp-includes\/media.php *\/\n\t\t<\/style>\n\t\t<div id='gallery-1' class='gallery galleryid-1253 gallery-columns-4 gallery-size-thumbnail'><dl class='gallery-item'>\n\t\t\t<dt class='gallery-icon landscape'>\n\t\t\t\t<a href='https:\/\/www.bestofrome.fr\/wp-content\/uploads\/2023\/09\/panorama-monte-mario-rome-bestofrome_1098.jpg'><img width=\"150\" height=\"150\" src=\"https:\/\/www.bestofrome.fr\/wp-content\/uploads\/2023\/09\/panorama-monte-mario-rome-bestofrome_1098-150x150.jpg\" class=\"attachment-thumbnail size-thumbnail\" alt=\"Panorama su Roma da Piazzale Garibaldi sulla collina del Gianicolo\" loading=\"lazy\" aria-describedby=\"gallery-1-30094\" srcset=\"https:\/\/www.bestofrome.fr\/wp-content\/uploads\/2023\/09\/panorama-monte-mario-rome-bestofrome_1098-150x150.jpg 150w, https:\/\/www.bestofrome.fr\/wp-content\/uploads\/2023\/09\/panorama-monte-mario-rome-bestofrome_1098-50x50.jpg 50w, https:\/\/www.bestofrome.fr\/wp-content\/uploads\/2023\/09\/panorama-monte-mario-rome-bestofrome_1098-144x144.jpg 144w\" sizes=\"(max-width: 150px) 100vw, 150px\" \/><\/a>\n\t\t\t<\/dt>\n\t\t\t\t<dd class='wp-caption-text gallery-caption' id='gallery-1-30094'>\n\t\t\t\tPiazzale Garibaldi, Gianicolo\n\t\t\t\t<\/dd><\/dl><dl class='gallery-item'>\n\t\t\t<dt class='gallery-icon landscape'>\n\t\t\t\t<a href='https:\/\/www.bestofrome.fr\/wp-content\/uploads\/2023\/09\/jardin-des-orangers-aventin-rome-bestofrome_0718.jpg'><img width=\"150\" height=\"150\" src=\"https:\/\/www.bestofrome.fr\/wp-content\/uploads\/2023\/09\/jardin-des-orangers-aventin-rome-bestofrome_0718-150x150.jpg\" class=\"attachment-thumbnail size-thumbnail\" alt=\"Belvedere del giardino degli aranci, collina dell&#039;Aventino\" loading=\"lazy\" aria-describedby=\"gallery-1-30089\" srcset=\"https:\/\/www.bestofrome.fr\/wp-content\/uploads\/2023\/09\/jardin-des-orangers-aventin-rome-bestofrome_0718-150x150.jpg 150w, https:\/\/www.bestofrome.fr\/wp-content\/uploads\/2023\/09\/jardin-des-orangers-aventin-rome-bestofrome_0718-50x50.jpg 50w, https:\/\/www.bestofrome.fr\/wp-content\/uploads\/2023\/09\/jardin-des-orangers-aventin-rome-bestofrome_0718-144x144.jpg 144w\" sizes=\"(max-width: 150px) 100vw, 150px\" \/><\/a>\n\t\t\t<\/dt>\n\t\t\t\t<dd class='wp-caption-text gallery-caption' id='gallery-1-30089'>\n\t\t\t\tBelvedere del giardino degli aranci\n\t\t\t\t<\/dd><\/dl><dl class='gallery-item'>\n\t\t\t<dt class='gallery-icon landscape'>\n\t\t\t\t<a href='https:\/\/www.bestofrome.fr\/wp-content\/uploads\/2023\/09\/monte-mario-roma-bestofrome_0791.jpg'><img width=\"150\" height=\"150\" src=\"https:\/\/www.bestofrome.fr\/wp-content\/uploads\/2023\/09\/monte-mario-roma-bestofrome_0791-150x150.jpg\" class=\"attachment-thumbnail size-thumbnail\" alt=\"Monte Mario a Roma\u00a0: panorama\" loading=\"lazy\" aria-describedby=\"gallery-1-30049\" srcset=\"https:\/\/www.bestofrome.fr\/wp-content\/uploads\/2023\/09\/monte-mario-roma-bestofrome_0791-150x150.jpg 150w, https:\/\/www.bestofrome.fr\/wp-content\/uploads\/2023\/09\/monte-mario-roma-bestofrome_0791-50x50.jpg 50w, https:\/\/www.bestofrome.fr\/wp-content\/uploads\/2023\/09\/monte-mario-roma-bestofrome_0791-144x144.jpg 144w\" sizes=\"(max-width: 150px) 100vw, 150px\" \/><\/a>\n\t\t\t<\/dt>\n\t\t\t\t<dd class='wp-caption-text gallery-caption' id='gallery-1-30049'>\n\t\t\t\tMonte Mario\n\t\t\t\t<\/dd><\/dl><dl class='gallery-item'>\n\t\t\t<dt class='gallery-icon landscape'>\n\t\t\t\t<a href='https:\/\/www.bestofrome.fr\/wp-content\/uploads\/2023\/09\/panorama-foro-romano-roma-bestofrome_5643.jpg'><img width=\"150\" height=\"150\" src=\"https:\/\/www.bestofrome.fr\/wp-content\/uploads\/2023\/09\/panorama-foro-romano-roma-bestofrome_5643-150x150.jpg\" class=\"attachment-thumbnail size-thumbnail\" alt=\"Veduta del foro romano di Roma\" loading=\"lazy\" aria-describedby=\"gallery-1-30100\" srcset=\"https:\/\/www.bestofrome.fr\/wp-content\/uploads\/2023\/09\/panorama-foro-romano-roma-bestofrome_5643-150x150.jpg 150w, https:\/\/www.bestofrome.fr\/wp-content\/uploads\/2023\/09\/panorama-foro-romano-roma-bestofrome_5643-50x50.jpg 50w, https:\/\/www.bestofrome.fr\/wp-content\/uploads\/2023\/09\/panorama-foro-romano-roma-bestofrome_5643-144x144.jpg 144w\" sizes=\"(max-width: 150px) 100vw, 150px\" \/><\/a>\n\t\t\t<\/dt>\n\t\t\t\t<dd class='wp-caption-text gallery-caption' id='gallery-1-30100'>\n\t\t\t\tVeduta del foro romano\n\t\t\t\t<\/dd><\/dl><br style=\"clear: both\" \/>\n\t\t<\/div>\n\n<h2>Panorama dal colle dell&#8217;Aventino<\/h2>\n<p>Il piccolo <a href=\"https:\/\/www.bestofrome.fr\/it\/parchi-giardini-roma\/#Giardino-degli-aranci\"><strong>Giardino degli aranci<\/strong><\/a> si trova sul <strong>colle dell&#8217;Aventino<\/strong>, contro la basilica di Santa Sabina. Vale la pena il passaggio per ammirare la splendida vista dal suo belvedere su buona parte della citt\u00e0, in particolare di fronte alla cupola di San Pietro.<\/p>\n<p>Vicino alla basilica e al giardino precedente, si ha una visione originale attraverso il <strong>buco della serratura dell&#8217;Ordine di Malta<\/strong> del priorato degli Ospedalieri, Piazza dei Cavalieri di Malta, dove al centro di un viale di pioppi si scopre la cupola di San Pietro.<\/p>\n<h2>Panorama dal Monte Mario<\/h2>\n<p>Vicino al bar Zodiaco, si trova una terrazza sulla cima del <a href=\"https:\/\/www.bestofrome.fr\/it\/parchi-giardini-roma\/#Monte-Mario\"><strong>Monte Mario<\/strong><\/a>, la collina pi\u00f9 alta di Roma, e la vista abbraccia tutta la citt\u00e0.<\/p>\n<h2>Vista sul Foro romano<\/h2>\n<div id=\"attachment_610\" style=\"width: 160px\" class=\"wp-caption alignright\"><a href=\"https:\/\/www.bestofrome.fr\/wp-content\/uploads\/2011\/08\/Forum-romain-Rome_3838.jpg\"><img aria-describedby=\"caption-attachment-610\" loading=\"lazy\" class=\"wp-image-610 size-thumbnail\" src=\"https:\/\/www.bestofrome.fr\/wp-content\/uploads\/2011\/08\/Forum-romain-Rome_3838-150x150.jpg\" alt=\"Veduta sul Foro romano da Via di Monte Tarpeo\" width=\"150\" height=\"150\" \/><\/a><p id=\"caption-attachment-610\" class=\"wp-caption-text\">Veduta sul Foro romano<\/p><\/div>\n<p>Sul colle del Campidoglio si hanno belle vedute abbraccianti il <a href=\"https:\/\/www.bestofrome.fr\/it\/site\/foro-romano\/\"><strong>Foro Romano<\/strong><\/a>, tra cui quella dal Tabularium all&#8217;interno dei Musei Capitolini, ma soprattutto il belvedere della Via di Monte Tarpeo, sulla strada pubblica<\/p>\n<h2>Mappa di Roma con i panorami<\/h2>\n<div id=\"travelersmap-container-69f29fb06c418\" class=\"travelersmap-container\" style=\"z-index: 1; min-height: 10px; min-width:10px; height:400px;width:100%; max-width:; max-height:; position:relative;\"><div style=\"position:absolute; z-index:-1;top: 50%;text-align: center;display: block;left: 50%;transform: translate(-50%,-50%);\">Travelers' Map is loading... <br> If you see this after your page is loaded completely, leafletJS files are missing.<\/div><\/div>\n","protected":false},"excerpt":{"rendered":"<p>Roma svela <strong>panorami<\/strong> eccezionali dalle sue altezze e dai suoi emblematici belvedere. Questa pagina esplora siti panoramici come il <strong>Piazzale Garibaldi sulla collina del Gianicolo<\/strong>, la <strong>terrazza panoramica del Pincio<\/strong> che domina Piazza del Popolo, e il <strong>Giardino degli Aranci sull&#8217;Aventino<\/strong> con il suo punto di vista sul Tevere, o ancora dal <strong>Monte Mario<\/strong>, la vetta pi\u00f9 alta di Roma. [&#8230;]<\/p>\n","protected":false},"author":1,"featured_media":30089,"comment_status":"open","ping_status":"open","sticky":false,"template":"","format":"standard","meta":{"_links_to":"","_links_to_target":""},"categories":[191,187],"tags":[322],"yoast_head":"<!-- This site is optimized with the Yoast SEO plugin v17.4 - https:\/\/yoast.com\/wordpress\/plugins\/seo\/ -->\n<title>Belvedere e panorami di Roma: colline e terrazze - Visita di Roma<\/title>\n<meta name=\"description\" content=\"Esploriamo i panorami sulla citt\u00e0 di Roma, dalle sue colline come il Gianicolo, il giardino degli aranci dell&#039;Aventino, il Pincio o ancora Monte Mario\" \/>\n<meta name=\"robots\" content=\"index, follow, max-snippet:-1, max-image-preview:large, max-video-preview:-1\" \/>\n<link rel=\"canonical\" href=\"https:\/\/www.bestofrome.fr\/it\/panorami-e-altro-a-roma\/\" \/>\n<meta property=\"og:locale\" content=\"it_IT\" \/>\n<meta property=\"og:type\" content=\"article\" \/>\n<meta property=\"og:title\" content=\"Belvedere e panorami di Roma: colline e terrazze - Visita di Roma\" \/>\n<meta property=\"og:description\" content=\"Esploriamo i panorami sulla citt\u00e0 di Roma, dalle sue colline come il Gianicolo, il giardino degli aranci dell&#039;Aventino, il Pincio o ancora Monte Mario\" \/>\n<meta property=\"og:url\" content=\"https:\/\/www.bestofrome.fr\/it\/panorami-e-altro-a-roma\/\" \/>\n<meta property=\"og:site_name\" content=\"Visita di Roma\" \/>\n<meta property=\"article:published_time\" content=\"2023-09-21T14:07:00+00:00\" \/>\n<meta property=\"article:modified_time\" content=\"2025-06-30T13:00:10+00:00\" \/>\n<meta property=\"og:image\" content=\"https:\/\/www.bestofrome.fr\/wp-content\/uploads\/2023\/09\/jardin-des-orangers-aventin-rome-bestofrome_0718.jpg\" \/>\n\t<meta property=\"og:image:width\" content=\"1200\" \/>\n\t<meta property=\"og:image:height\" content=\"800\" \/>\n<meta name=\"twitter:label1\" content=\"Scritto da\" \/>\n\t<meta name=\"twitter:data1\" content=\"C\u00e9sar\" \/>\n\t<meta name=\"twitter:label2\" content=\"Tempo di lettura stimato\" \/>\n\t<meta name=\"twitter:data2\" content=\"2 minuti\" \/>\n<script type=\"application\/ld+json\" class=\"yoast-schema-graph\">{\"@context\":\"https:\/\/schema.org\",\"@graph\":[{\"@type\":\"Organization\",\"@id\":\"https:\/\/www.bestofrome.fr\/it\/#organization\",\"name\":\"Bestofrome.fr\",\"url\":\"https:\/\/www.bestofrome.fr\/it\/\",\"sameAs\":[],\"logo\":{\"@type\":\"ImageObject\",\"@id\":\"https:\/\/www.bestofrome.fr\/it\/#logo\",\"inLanguage\":\"it-IT\",\"url\":\"https:\/\/www.bestofrome.fr\/wp-content\/uploads\/2025\/11\/logo512bestofrome.png\",\"contentUrl\":\"https:\/\/www.bestofrome.fr\/wp-content\/uploads\/2025\/11\/logo512bestofrome.png\",\"width\":512,\"height\":512,\"caption\":\"Bestofrome.fr\"},\"image\":{\"@id\":\"https:\/\/www.bestofrome.fr\/it\/#logo\"}},{\"@type\":\"WebSite\",\"@id\":\"https:\/\/www.bestofrome.fr\/it\/#website\",\"url\":\"https:\/\/www.bestofrome.fr\/it\/\",\"name\":\"Visita di Roma\",\"description\":\"Tutto per scoprire Roma\",\"publisher\":{\"@id\":\"https:\/\/www.bestofrome.fr\/it\/#organization\"},\"potentialAction\":[{\"@type\":\"SearchAction\",\"target\":{\"@type\":\"EntryPoint\",\"urlTemplate\":\"https:\/\/www.bestofrome.fr\/it\/?s={search_term_string}\"},\"query-input\":\"required name=search_term_string\"}],\"inLanguage\":\"it-IT\"},{\"@type\":\"ImageObject\",\"@id\":\"https:\/\/www.bestofrome.fr\/it\/panorami-e-altro-a-roma\/#primaryimage\",\"inLanguage\":\"it-IT\",\"url\":\"https:\/\/www.bestofrome.fr\/wp-content\/uploads\/2023\/09\/jardin-des-orangers-aventin-rome-bestofrome_0718.jpg\",\"contentUrl\":\"https:\/\/www.bestofrome.fr\/wp-content\/uploads\/2023\/09\/jardin-des-orangers-aventin-rome-bestofrome_0718.jpg\",\"width\":1200,\"height\":800,\"caption\":\"Belvedere del giardino degli aranci\"},{\"@type\":\"WebPage\",\"@id\":\"https:\/\/www.bestofrome.fr\/it\/panorami-e-altro-a-roma\/#webpage\",\"url\":\"https:\/\/www.bestofrome.fr\/it\/panorami-e-altro-a-roma\/\",\"name\":\"Belvedere e panorami di Roma: colline e terrazze - Visita di Roma\",\"isPartOf\":{\"@id\":\"https:\/\/www.bestofrome.fr\/it\/#website\"},\"primaryImageOfPage\":{\"@id\":\"https:\/\/www.bestofrome.fr\/it\/panorami-e-altro-a-roma\/#primaryimage\"},\"datePublished\":\"2023-09-21T14:07:00+00:00\",\"dateModified\":\"2025-06-30T13:00:10+00:00\",\"description\":\"Esploriamo i panorami sulla citt\\u00e0 di Roma, dalle sue colline come il Gianicolo, il giardino degli aranci dell'Aventino, il Pincio o ancora Monte Mario\",\"breadcrumb\":{\"@id\":\"https:\/\/www.bestofrome.fr\/it\/panorami-e-altro-a-roma\/#breadcrumb\"},\"inLanguage\":\"it-IT\",\"potentialAction\":[{\"@type\":\"ReadAction\",\"target\":[\"https:\/\/www.bestofrome.fr\/it\/panorami-e-altro-a-roma\/\"]}]},{\"@type\":\"BreadcrumbList\",\"@id\":\"https:\/\/www.bestofrome.fr\/it\/panorami-e-altro-a-roma\/#breadcrumb\",\"itemListElement\":[{\"@type\":\"ListItem\",\"position\":1,\"name\":\"Accueil\",\"item\":\"https:\/\/www.bestofrome.fr\/it\/\"},{\"@type\":\"ListItem\",\"position\":2,\"name\":\"Belvedere e panorami di Roma: colline e terrazze\"}]},{\"@type\":\"Article\",\"@id\":\"https:\/\/www.bestofrome.fr\/it\/panorami-e-altro-a-roma\/#article\",\"isPartOf\":{\"@id\":\"https:\/\/www.bestofrome.fr\/it\/panorami-e-altro-a-roma\/#webpage\"},\"author\":{\"@id\":\"https:\/\/www.bestofrome.fr\/it\/#\/schema\/person\/f611766d26241b06cbcf4eac35cf8825\"},\"headline\":\"Belvedere e panorami di Roma: colline e terrazze\",\"datePublished\":\"2023-09-21T14:07:00+00:00\",\"dateModified\":\"2025-06-30T13:00:10+00:00\",\"mainEntityOfPage\":{\"@id\":\"https:\/\/www.bestofrome.fr\/it\/panorami-e-altro-a-roma\/#webpage\"},\"wordCount\":389,\"commentCount\":0,\"publisher\":{\"@id\":\"https:\/\/www.bestofrome.fr\/it\/#organization\"},\"image\":{\"@id\":\"https:\/\/www.bestofrome.fr\/it\/panorami-e-altro-a-roma\/#primaryimage\"},\"thumbnailUrl\":\"https:\/\/www.bestofrome.fr\/wp-content\/uploads\/2023\/09\/jardin-des-orangers-aventin-rome-bestofrome_0718.jpg\",\"keywords\":[\"Colli di Roma\"],\"articleSection\":[\"Panorami e altri luoghi\",\"Siti turistici a Roma\"],\"inLanguage\":\"it-IT\",\"potentialAction\":[{\"@type\":\"CommentAction\",\"name\":\"Comment\",\"target\":[\"https:\/\/www.bestofrome.fr\/it\/panorami-e-altro-a-roma\/#respond\"]}]},{\"@type\":\"Person\",\"@id\":\"https:\/\/www.bestofrome.fr\/it\/#\/schema\/person\/f611766d26241b06cbcf4eac35cf8825\",\"name\":\"C\\u00e9sar\",\"image\":{\"@type\":\"ImageObject\",\"@id\":\"https:\/\/www.bestofrome.fr\/it\/#personlogo\",\"inLanguage\":\"it-IT\",\"url\":\"https:\/\/secure.gravatar.com\/avatar\/e5c3162350047f03c6a1083f7f2185e7?s=96&d=mm&r=g\",\"contentUrl\":\"https:\/\/secure.gravatar.com\/avatar\/e5c3162350047f03c6a1083f7f2185e7?s=96&d=mm&r=g\",\"caption\":\"C\\u00e9sar\"}}]}<\/script>\n<!-- \/ Yoast SEO plugin. -->","yoast_head_json":{"title":"Belvedere e panorami di Roma: colline e terrazze - Visita di Roma","description":"Esploriamo i panorami sulla citt\u00e0 di Roma, dalle sue colline come il Gianicolo, il giardino degli aranci dell'Aventino, il Pincio o ancora Monte Mario","robots":{"index":"index","follow":"follow","max-snippet":"max-snippet:-1","max-image-preview":"max-image-preview:large","max-video-preview":"max-video-preview:-1"},"canonical":"https:\/\/www.bestofrome.fr\/it\/panorami-e-altro-a-roma\/","og_locale":"it_IT","og_type":"article","og_title":"Belvedere e panorami di Roma: colline e terrazze - Visita di Roma","og_description":"Esploriamo i panorami sulla citt\u00e0 di Roma, dalle sue colline come il Gianicolo, il giardino degli aranci dell'Aventino, il Pincio o ancora Monte Mario","og_url":"https:\/\/www.bestofrome.fr\/it\/panorami-e-altro-a-roma\/","og_site_name":"Visita di Roma","article_published_time":"2023-09-21T14:07:00+00:00","article_modified_time":"2025-06-30T13:00:10+00:00","og_image":[{"width":1200,"height":800,"url":"https:\/\/www.bestofrome.fr\/wp-content\/uploads\/2023\/09\/jardin-des-orangers-aventin-rome-bestofrome_0718.jpg","type":"image\/jpeg"}],"twitter_misc":{"Scritto da":"C\u00e9sar","Tempo di lettura stimato":"2 minuti"},"schema":{"@context":"https:\/\/schema.org","@graph":[{"@type":"Organization","@id":"https:\/\/www.bestofrome.fr\/it\/#organization","name":"Bestofrome.fr","url":"https:\/\/www.bestofrome.fr\/it\/","sameAs":[],"logo":{"@type":"ImageObject","@id":"https:\/\/www.bestofrome.fr\/it\/#logo","inLanguage":"it-IT","url":"https:\/\/www.bestofrome.fr\/wp-content\/uploads\/2025\/11\/logo512bestofrome.png","contentUrl":"https:\/\/www.bestofrome.fr\/wp-content\/uploads\/2025\/11\/logo512bestofrome.png","width":512,"height":512,"caption":"Bestofrome.fr"},"image":{"@id":"https:\/\/www.bestofrome.fr\/it\/#logo"}},{"@type":"WebSite","@id":"https:\/\/www.bestofrome.fr\/it\/#website","url":"https:\/\/www.bestofrome.fr\/it\/","name":"Visita di Roma","description":"Tutto per scoprire Roma","publisher":{"@id":"https:\/\/www.bestofrome.fr\/it\/#organization"},"potentialAction":[{"@type":"SearchAction","target":{"@type":"EntryPoint","urlTemplate":"https:\/\/www.bestofrome.fr\/it\/?s={search_term_string}"},"query-input":"required name=search_term_string"}],"inLanguage":"it-IT"},{"@type":"ImageObject","@id":"https:\/\/www.bestofrome.fr\/it\/panorami-e-altro-a-roma\/#primaryimage","inLanguage":"it-IT","url":"https:\/\/www.bestofrome.fr\/wp-content\/uploads\/2023\/09\/jardin-des-orangers-aventin-rome-bestofrome_0718.jpg","contentUrl":"https:\/\/www.bestofrome.fr\/wp-content\/uploads\/2023\/09\/jardin-des-orangers-aventin-rome-bestofrome_0718.jpg","width":1200,"height":800,"caption":"Belvedere del giardino degli aranci"},{"@type":"WebPage","@id":"https:\/\/www.bestofrome.fr\/it\/panorami-e-altro-a-roma\/#webpage","url":"https:\/\/www.bestofrome.fr\/it\/panorami-e-altro-a-roma\/","name":"Belvedere e panorami di Roma: colline e terrazze - Visita di Roma","isPartOf":{"@id":"https:\/\/www.bestofrome.fr\/it\/#website"},"primaryImageOfPage":{"@id":"https:\/\/www.bestofrome.fr\/it\/panorami-e-altro-a-roma\/#primaryimage"},"datePublished":"2023-09-21T14:07:00+00:00","dateModified":"2025-06-30T13:00:10+00:00","description":"Esploriamo i panorami sulla citt\u00e0 di Roma, dalle sue colline come il Gianicolo, il giardino degli aranci dell'Aventino, il Pincio o ancora Monte Mario","breadcrumb":{"@id":"https:\/\/www.bestofrome.fr\/it\/panorami-e-altro-a-roma\/#breadcrumb"},"inLanguage":"it-IT","potentialAction":[{"@type":"ReadAction","target":["https:\/\/www.bestofrome.fr\/it\/panorami-e-altro-a-roma\/"]}]},{"@type":"BreadcrumbList","@id":"https:\/\/www.bestofrome.fr\/it\/panorami-e-altro-a-roma\/#breadcrumb","itemListElement":[{"@type":"ListItem","position":1,"name":"Accueil","item":"https:\/\/www.bestofrome.fr\/it\/"},{"@type":"ListItem","position":2,"name":"Belvedere e panorami di Roma: colline e terrazze"}]},{"@type":"Article","@id":"https:\/\/www.bestofrome.fr\/it\/panorami-e-altro-a-roma\/#article","isPartOf":{"@id":"https:\/\/www.bestofrome.fr\/it\/panorami-e-altro-a-roma\/#webpage"},"author":{"@id":"https:\/\/www.bestofrome.fr\/it\/#\/schema\/person\/f611766d26241b06cbcf4eac35cf8825"},"headline":"Belvedere e panorami di Roma: colline e terrazze","datePublished":"2023-09-21T14:07:00+00:00","dateModified":"2025-06-30T13:00:10+00:00","mainEntityOfPage":{"@id":"https:\/\/www.bestofrome.fr\/it\/panorami-e-altro-a-roma\/#webpage"},"wordCount":389,"commentCount":0,"publisher":{"@id":"https:\/\/www.bestofrome.fr\/it\/#organization"},"image":{"@id":"https:\/\/www.bestofrome.fr\/it\/panorami-e-altro-a-roma\/#primaryimage"},"thumbnailUrl":"https:\/\/www.bestofrome.fr\/wp-content\/uploads\/2023\/09\/jardin-des-orangers-aventin-rome-bestofrome_0718.jpg","keywords":["Colli di Roma"],"articleSection":["Panorami e altri luoghi","Siti turistici a Roma"],"inLanguage":"it-IT","potentialAction":[{"@type":"CommentAction","name":"Comment","target":["https:\/\/www.bestofrome.fr\/it\/panorami-e-altro-a-roma\/#respond"]}]},{"@type":"Person","@id":"https:\/\/www.bestofrome.fr\/it\/#\/schema\/person\/f611766d26241b06cbcf4eac35cf8825","name":"C\u00e9sar","image":{"@type":"ImageObject","@id":"https:\/\/www.bestofrome.fr\/it\/#personlogo","inLanguage":"it-IT","url":"https:\/\/secure.gravatar.com\/avatar\/e5c3162350047f03c6a1083f7f2185e7?s=96&d=mm&r=g","contentUrl":"https:\/\/secure.gravatar.com\/avatar\/e5c3162350047f03c6a1083f7f2185e7?s=96&d=mm&r=g","caption":"C\u00e9sar"}}]}},"_links":{"self":[{"href":"https:\/\/www.bestofrome.fr\/it\/wp-json\/wp\/v2\/posts\/1253"}],"collection":[{"href":"https:\/\/www.bestofrome.fr\/it\/wp-json\/wp\/v2\/posts"}],"about":[{"href":"https:\/\/www.bestofrome.fr\/it\/wp-json\/wp\/v2\/types\/post"}],"author":[{"embeddable":true,"href":"https:\/\/www.bestofrome.fr\/it\/wp-json\/wp\/v2\/users\/1"}],"replies":[{"embeddable":true,"href":"https:\/\/www.bestofrome.fr\/it\/wp-json\/wp\/v2\/comments?post=1253"}],"version-history":[{"count":22,"href":"https:\/\/www.bestofrome.fr\/it\/wp-json\/wp\/v2\/posts\/1253\/revisions"}],"predecessor-version":[{"id":31060,"href":"https:\/\/www.bestofrome.fr\/it\/wp-json\/wp\/v2\/posts\/1253\/revisions\/31060"}],"wp:featuredmedia":[{"embeddable":true,"href":"https:\/\/www.bestofrome.fr\/it\/wp-json\/wp\/v2\/media\/30089"}],"wp:attachment":[{"href":"https:\/\/www.bestofrome.fr\/it\/wp-json\/wp\/v2\/media?parent=1253"}],"wp:term":[{"taxonomy":"category","embeddable":true,"href":"https:\/\/www.bestofrome.fr\/it\/wp-json\/wp\/v2\/categories?post=1253"},{"taxonomy":"post_tag","embeddable":true,"href":"https:\/\/www.bestofrome.fr\/it\/wp-json\/wp\/v2\/tags?post=1253"}],"curies":[{"name":"wp","href":"https:\/\/api.w.org\/{rel}","templated":true}]}}