{"id":25031,"date":"2024-03-24T14:27:00","date_gmt":"2024-03-24T13:27:00","guid":{"rendered":"https:\/\/www.bestofrome.fr\/?p=25031"},"modified":"2025-07-19T09:01:49","modified_gmt":"2025-07-19T08:01:49","slug":"palazzo-del-freddo-giovanni-fassi","status":"publish","type":"post","link":"https:\/\/www.bestofrome.fr\/it\/palazzo-del-freddo-giovanni-fassi\/","title":{"rendered":"Palazzo del Freddo Giovanni Fassi"},"content":{"rendered":"<p><img loading=\"lazy\" class=\"alignright size-full wp-image-25034\" src=\"https:\/\/www.bestofrome.fr\/wp-content\/uploads\/2016\/08\/palazzo-del-freddo-gelateria-fassi.jpg\" alt=\"palazzo-del-freddo-gelateria-fassi\" width=\"177\" height=\"233\" srcset=\"https:\/\/www.bestofrome.fr\/wp-content\/uploads\/2016\/08\/palazzo-del-freddo-gelateria-fassi.jpg 177w, https:\/\/www.bestofrome.fr\/wp-content\/uploads\/2016\/08\/palazzo-del-freddo-gelateria-fassi-114x150.jpg 114w\" sizes=\"(max-width: 177px) 100vw, 177px\" \/>Il <strong>Palazzo del Freddo Giovanni Fassi<\/strong>, Palazzo del Freddo in francese, situato in Via Principe Eugenio a Roma, \u00e8 una gelateria storica fondata nel 1880 nel quartiere dell&#8217;Esquilino, riconosciuta come una delle pi\u00f9 antiche d&#8217;Italia, vicino alla Stazione Termini e a Piazza Vittorio Emanuele II.<br \/>\nI suoi gelati artigianali sono di qualit\u00e0, tra cui i classici sapori come pistacchio, nocciola e zabaione, oltre al &#8220;Sanpietrino&#8221;, un mezzo freddo ricoperto di cioccolato. Offre anche caff\u00e8 e dolci.<br \/>\nL&#8217;ampia sala retr\u00f2 \u00e8 anche una curiosit\u00e0.<br \/>\nI prezzi sono ragionevoli.<\/p>\n<p><em>Via Principe Eugenio, 65-67, 00185 Roma<\/em><br \/>\n<a href=\"https:\/\/www.gelateriafassi.com\/\" target=\"_blank\" rel=\"noopener\">www.gelateriafassi.com<\/a><\/p>\n<div id=\"cttm-shortcode-helper\"><div id=\"travelersmap-container-69f2ad35e296e\" class=\"travelersmap-container\" style=\"z-index: 1; min-height: 10px; min-width:10px; height:400px;width:100%; max-width:; max-height:; position:relative;\"><div style=\"position:absolute; z-index:-1;top: 50%;text-align: center;display: block;left: 50%;transform: translate(-50%,-50%);\">Travelers' Map is loading... <br> If you see this after your page is loaded completely, leafletJS files are missing.<\/div><\/div><\/div>\n","protected":false},"excerpt":{"rendered":"<p>Il <strong>Palazzo del Freddo<\/strong> \u00e8 uno storico gelateria nel quartiere dell&#8217;Esquilino non lontano dalla stazione Termini, fondato nel 1880, che ancora oggi produce gelati artigianali e anche caff\u00e8 e pasticceria. [&#8230;]<\/p>\n","protected":false},"author":1,"featured_media":25037,"comment_status":"open","ping_status":"open","sticky":false,"template":"","format":"standard","meta":{"_links_to":"","_links_to_target":""},"categories":[705,604],"tags":[707],"yoast_head":"<!-- This site is optimized with the Yoast SEO plugin v17.4 - https:\/\/yoast.com\/wordpress\/plugins\/seo\/ -->\n<title>Palazzo del Freddo Giovanni Fassi - Visita di Roma<\/title>\n<meta name=\"robots\" content=\"index, follow, max-snippet:-1, max-image-preview:large, max-video-preview:-1\" \/>\n<link rel=\"canonical\" href=\"https:\/\/www.bestofrome.fr\/it\/palazzo-del-freddo-giovanni-fassi\/\" \/>\n<meta property=\"og:locale\" content=\"it_IT\" \/>\n<meta property=\"og:type\" content=\"article\" \/>\n<meta property=\"og:title\" content=\"Palazzo del Freddo Giovanni Fassi - Visita di Roma\" \/>\n<meta property=\"og:description\" content=\"Il Palazzo del Freddo \u00e8 uno storico gelateria nel quartiere dell&#039;Esquilino non lontano dalla stazione Termini, fondato nel 1880, che ancora oggi produce gelati artigianali e anche caff\u00e8 e pasticceria. [...]\" \/>\n<meta property=\"og:url\" content=\"https:\/\/www.bestofrome.fr\/it\/palazzo-del-freddo-giovanni-fassi\/\" \/>\n<meta property=\"og:site_name\" content=\"Visita di Roma\" \/>\n<meta property=\"article:published_time\" content=\"2024-03-24T13:27:00+00:00\" \/>\n<meta property=\"article:modified_time\" content=\"2025-07-19T08:01:49+00:00\" \/>\n<meta property=\"og:image\" content=\"https:\/\/www.bestofrome.fr\/wp-content\/uploads\/2016\/08\/palazzo-del-freddo-gelateria-fassi.jpg\" \/>\n\t<meta property=\"og:image:width\" content=\"177\" \/>\n\t<meta property=\"og:image:height\" content=\"233\" \/>\n<meta name=\"twitter:label1\" content=\"Scritto da\" \/>\n\t<meta name=\"twitter:data1\" content=\"C\u00e9sar\" \/>\n\t<meta name=\"twitter:label2\" content=\"Tempo di lettura stimato\" \/>\n\t<meta name=\"twitter:data2\" content=\"1 minuto\" \/>\n<script type=\"application\/ld+json\" class=\"yoast-schema-graph\">{\"@context\":\"https:\/\/schema.org\",\"@graph\":[{\"@type\":\"Organization\",\"@id\":\"https:\/\/www.bestofrome.fr\/it\/#organization\",\"name\":\"Bestofrome.fr\",\"url\":\"https:\/\/www.bestofrome.fr\/it\/\",\"sameAs\":[],\"logo\":{\"@type\":\"ImageObject\",\"@id\":\"https:\/\/www.bestofrome.fr\/it\/#logo\",\"inLanguage\":\"it-IT\",\"url\":\"https:\/\/www.bestofrome.fr\/wp-content\/uploads\/2025\/11\/logo512bestofrome.png\",\"contentUrl\":\"https:\/\/www.bestofrome.fr\/wp-content\/uploads\/2025\/11\/logo512bestofrome.png\",\"width\":512,\"height\":512,\"caption\":\"Bestofrome.fr\"},\"image\":{\"@id\":\"https:\/\/www.bestofrome.fr\/it\/#logo\"}},{\"@type\":\"WebSite\",\"@id\":\"https:\/\/www.bestofrome.fr\/it\/#website\",\"url\":\"https:\/\/www.bestofrome.fr\/it\/\",\"name\":\"Visita di Roma\",\"description\":\"Tutto per scoprire Roma\",\"publisher\":{\"@id\":\"https:\/\/www.bestofrome.fr\/it\/#organization\"},\"potentialAction\":[{\"@type\":\"SearchAction\",\"target\":{\"@type\":\"EntryPoint\",\"urlTemplate\":\"https:\/\/www.bestofrome.fr\/it\/?s={search_term_string}\"},\"query-input\":\"required name=search_term_string\"}],\"inLanguage\":\"it-IT\"},{\"@type\":\"ImageObject\",\"@id\":\"https:\/\/www.bestofrome.fr\/it\/palazzo-del-freddo-giovanni-fassi\/#primaryimage\",\"inLanguage\":\"it-IT\",\"url\":\"https:\/\/www.bestofrome.fr\/wp-content\/uploads\/2016\/08\/palazzo-del-freddo-gelateria-fassi.jpg\",\"contentUrl\":\"https:\/\/www.bestofrome.fr\/wp-content\/uploads\/2016\/08\/palazzo-del-freddo-gelateria-fassi.jpg\",\"width\":177,\"height\":233,\"caption\":\"palazzo-del-freddo-gelateria-fassi\"},{\"@type\":\"WebPage\",\"@id\":\"https:\/\/www.bestofrome.fr\/it\/palazzo-del-freddo-giovanni-fassi\/#webpage\",\"url\":\"https:\/\/www.bestofrome.fr\/it\/palazzo-del-freddo-giovanni-fassi\/\",\"name\":\"Palazzo del Freddo Giovanni Fassi - Visita di Roma\",\"isPartOf\":{\"@id\":\"https:\/\/www.bestofrome.fr\/it\/#website\"},\"primaryImageOfPage\":{\"@id\":\"https:\/\/www.bestofrome.fr\/it\/palazzo-del-freddo-giovanni-fassi\/#primaryimage\"},\"datePublished\":\"2024-03-24T13:27:00+00:00\",\"dateModified\":\"2025-07-19T08:01:49+00:00\",\"breadcrumb\":{\"@id\":\"https:\/\/www.bestofrome.fr\/it\/palazzo-del-freddo-giovanni-fassi\/#breadcrumb\"},\"inLanguage\":\"it-IT\",\"potentialAction\":[{\"@type\":\"ReadAction\",\"target\":[\"https:\/\/www.bestofrome.fr\/it\/palazzo-del-freddo-giovanni-fassi\/\"]}]},{\"@type\":\"BreadcrumbList\",\"@id\":\"https:\/\/www.bestofrome.fr\/it\/palazzo-del-freddo-giovanni-fassi\/#breadcrumb\",\"itemListElement\":[{\"@type\":\"ListItem\",\"position\":1,\"name\":\"Accueil\",\"item\":\"https:\/\/www.bestofrome.fr\/it\/\"},{\"@type\":\"ListItem\",\"position\":2,\"name\":\"Palazzo del Freddo Giovanni Fassi\"}]},{\"@type\":\"Article\",\"@id\":\"https:\/\/www.bestofrome.fr\/it\/palazzo-del-freddo-giovanni-fassi\/#article\",\"isPartOf\":{\"@id\":\"https:\/\/www.bestofrome.fr\/it\/palazzo-del-freddo-giovanni-fassi\/#webpage\"},\"author\":{\"@id\":\"https:\/\/www.bestofrome.fr\/it\/#\/schema\/person\/f611766d26241b06cbcf4eac35cf8825\"},\"headline\":\"Palazzo del Freddo Giovanni Fassi\",\"datePublished\":\"2024-03-24T13:27:00+00:00\",\"dateModified\":\"2025-07-19T08:01:49+00:00\",\"mainEntityOfPage\":{\"@id\":\"https:\/\/www.bestofrome.fr\/it\/palazzo-del-freddo-giovanni-fassi\/#webpage\"},\"wordCount\":105,\"commentCount\":0,\"publisher\":{\"@id\":\"https:\/\/www.bestofrome.fr\/it\/#organization\"},\"image\":{\"@id\":\"https:\/\/www.bestofrome.fr\/it\/palazzo-del-freddo-giovanni-fassi\/#primaryimage\"},\"thumbnailUrl\":\"https:\/\/www.bestofrome.fr\/wp-content\/uploads\/2016\/08\/palazzo-del-freddo-gelateria-fassi.jpg\",\"keywords\":[\"Gelato\"],\"articleSection\":[\"Gelaterie in Roma : buoni indirizzi\",\"Idee e buoni indirizzi, la nostra Roma\"],\"inLanguage\":\"it-IT\",\"potentialAction\":[{\"@type\":\"CommentAction\",\"name\":\"Comment\",\"target\":[\"https:\/\/www.bestofrome.fr\/it\/palazzo-del-freddo-giovanni-fassi\/#respond\"]}]},{\"@type\":\"Person\",\"@id\":\"https:\/\/www.bestofrome.fr\/it\/#\/schema\/person\/f611766d26241b06cbcf4eac35cf8825\",\"name\":\"C\\u00e9sar\",\"image\":{\"@type\":\"ImageObject\",\"@id\":\"https:\/\/www.bestofrome.fr\/it\/#personlogo\",\"inLanguage\":\"it-IT\",\"url\":\"https:\/\/secure.gravatar.com\/avatar\/e5c3162350047f03c6a1083f7f2185e7?s=96&d=mm&r=g\",\"contentUrl\":\"https:\/\/secure.gravatar.com\/avatar\/e5c3162350047f03c6a1083f7f2185e7?s=96&d=mm&r=g\",\"caption\":\"C\\u00e9sar\"}}]}<\/script>\n<!-- \/ Yoast SEO plugin. -->","yoast_head_json":{"title":"Palazzo del Freddo Giovanni Fassi - Visita di Roma","robots":{"index":"index","follow":"follow","max-snippet":"max-snippet:-1","max-image-preview":"max-image-preview:large","max-video-preview":"max-video-preview:-1"},"canonical":"https:\/\/www.bestofrome.fr\/it\/palazzo-del-freddo-giovanni-fassi\/","og_locale":"it_IT","og_type":"article","og_title":"Palazzo del Freddo Giovanni Fassi - Visita di Roma","og_description":"Il Palazzo del Freddo \u00e8 uno storico gelateria nel quartiere dell'Esquilino non lontano dalla stazione Termini, fondato nel 1880, che ancora oggi produce gelati artigianali e anche caff\u00e8 e pasticceria. [...]","og_url":"https:\/\/www.bestofrome.fr\/it\/palazzo-del-freddo-giovanni-fassi\/","og_site_name":"Visita di Roma","article_published_time":"2024-03-24T13:27:00+00:00","article_modified_time":"2025-07-19T08:01:49+00:00","og_image":[{"width":177,"height":233,"url":"https:\/\/www.bestofrome.fr\/wp-content\/uploads\/2016\/08\/palazzo-del-freddo-gelateria-fassi.jpg","type":"image\/jpeg"}],"twitter_misc":{"Scritto da":"C\u00e9sar","Tempo di lettura stimato":"1 minuto"},"schema":{"@context":"https:\/\/schema.org","@graph":[{"@type":"Organization","@id":"https:\/\/www.bestofrome.fr\/it\/#organization","name":"Bestofrome.fr","url":"https:\/\/www.bestofrome.fr\/it\/","sameAs":[],"logo":{"@type":"ImageObject","@id":"https:\/\/www.bestofrome.fr\/it\/#logo","inLanguage":"it-IT","url":"https:\/\/www.bestofrome.fr\/wp-content\/uploads\/2025\/11\/logo512bestofrome.png","contentUrl":"https:\/\/www.bestofrome.fr\/wp-content\/uploads\/2025\/11\/logo512bestofrome.png","width":512,"height":512,"caption":"Bestofrome.fr"},"image":{"@id":"https:\/\/www.bestofrome.fr\/it\/#logo"}},{"@type":"WebSite","@id":"https:\/\/www.bestofrome.fr\/it\/#website","url":"https:\/\/www.bestofrome.fr\/it\/","name":"Visita di Roma","description":"Tutto per scoprire Roma","publisher":{"@id":"https:\/\/www.bestofrome.fr\/it\/#organization"},"potentialAction":[{"@type":"SearchAction","target":{"@type":"EntryPoint","urlTemplate":"https:\/\/www.bestofrome.fr\/it\/?s={search_term_string}"},"query-input":"required name=search_term_string"}],"inLanguage":"it-IT"},{"@type":"ImageObject","@id":"https:\/\/www.bestofrome.fr\/it\/palazzo-del-freddo-giovanni-fassi\/#primaryimage","inLanguage":"it-IT","url":"https:\/\/www.bestofrome.fr\/wp-content\/uploads\/2016\/08\/palazzo-del-freddo-gelateria-fassi.jpg","contentUrl":"https:\/\/www.bestofrome.fr\/wp-content\/uploads\/2016\/08\/palazzo-del-freddo-gelateria-fassi.jpg","width":177,"height":233,"caption":"palazzo-del-freddo-gelateria-fassi"},{"@type":"WebPage","@id":"https:\/\/www.bestofrome.fr\/it\/palazzo-del-freddo-giovanni-fassi\/#webpage","url":"https:\/\/www.bestofrome.fr\/it\/palazzo-del-freddo-giovanni-fassi\/","name":"Palazzo del Freddo Giovanni Fassi - Visita di Roma","isPartOf":{"@id":"https:\/\/www.bestofrome.fr\/it\/#website"},"primaryImageOfPage":{"@id":"https:\/\/www.bestofrome.fr\/it\/palazzo-del-freddo-giovanni-fassi\/#primaryimage"},"datePublished":"2024-03-24T13:27:00+00:00","dateModified":"2025-07-19T08:01:49+00:00","breadcrumb":{"@id":"https:\/\/www.bestofrome.fr\/it\/palazzo-del-freddo-giovanni-fassi\/#breadcrumb"},"inLanguage":"it-IT","potentialAction":[{"@type":"ReadAction","target":["https:\/\/www.bestofrome.fr\/it\/palazzo-del-freddo-giovanni-fassi\/"]}]},{"@type":"BreadcrumbList","@id":"https:\/\/www.bestofrome.fr\/it\/palazzo-del-freddo-giovanni-fassi\/#breadcrumb","itemListElement":[{"@type":"ListItem","position":1,"name":"Accueil","item":"https:\/\/www.bestofrome.fr\/it\/"},{"@type":"ListItem","position":2,"name":"Palazzo del Freddo Giovanni Fassi"}]},{"@type":"Article","@id":"https:\/\/www.bestofrome.fr\/it\/palazzo-del-freddo-giovanni-fassi\/#article","isPartOf":{"@id":"https:\/\/www.bestofrome.fr\/it\/palazzo-del-freddo-giovanni-fassi\/#webpage"},"author":{"@id":"https:\/\/www.bestofrome.fr\/it\/#\/schema\/person\/f611766d26241b06cbcf4eac35cf8825"},"headline":"Palazzo del Freddo Giovanni Fassi","datePublished":"2024-03-24T13:27:00+00:00","dateModified":"2025-07-19T08:01:49+00:00","mainEntityOfPage":{"@id":"https:\/\/www.bestofrome.fr\/it\/palazzo-del-freddo-giovanni-fassi\/#webpage"},"wordCount":105,"commentCount":0,"publisher":{"@id":"https:\/\/www.bestofrome.fr\/it\/#organization"},"image":{"@id":"https:\/\/www.bestofrome.fr\/it\/palazzo-del-freddo-giovanni-fassi\/#primaryimage"},"thumbnailUrl":"https:\/\/www.bestofrome.fr\/wp-content\/uploads\/2016\/08\/palazzo-del-freddo-gelateria-fassi.jpg","keywords":["Gelato"],"articleSection":["Gelaterie in Roma : buoni indirizzi","Idee e buoni indirizzi, la nostra Roma"],"inLanguage":"it-IT","potentialAction":[{"@type":"CommentAction","name":"Comment","target":["https:\/\/www.bestofrome.fr\/it\/palazzo-del-freddo-giovanni-fassi\/#respond"]}]},{"@type":"Person","@id":"https:\/\/www.bestofrome.fr\/it\/#\/schema\/person\/f611766d26241b06cbcf4eac35cf8825","name":"C\u00e9sar","image":{"@type":"ImageObject","@id":"https:\/\/www.bestofrome.fr\/it\/#personlogo","inLanguage":"it-IT","url":"https:\/\/secure.gravatar.com\/avatar\/e5c3162350047f03c6a1083f7f2185e7?s=96&d=mm&r=g","contentUrl":"https:\/\/secure.gravatar.com\/avatar\/e5c3162350047f03c6a1083f7f2185e7?s=96&d=mm&r=g","caption":"C\u00e9sar"}}]}},"_links":{"self":[{"href":"https:\/\/www.bestofrome.fr\/it\/wp-json\/wp\/v2\/posts\/25031"}],"collection":[{"href":"https:\/\/www.bestofrome.fr\/it\/wp-json\/wp\/v2\/posts"}],"about":[{"href":"https:\/\/www.bestofrome.fr\/it\/wp-json\/wp\/v2\/types\/post"}],"author":[{"embeddable":true,"href":"https:\/\/www.bestofrome.fr\/it\/wp-json\/wp\/v2\/users\/1"}],"replies":[{"embeddable":true,"href":"https:\/\/www.bestofrome.fr\/it\/wp-json\/wp\/v2\/comments?post=25031"}],"version-history":[{"count":7,"href":"https:\/\/www.bestofrome.fr\/it\/wp-json\/wp\/v2\/posts\/25031\/revisions"}],"predecessor-version":[{"id":33960,"href":"https:\/\/www.bestofrome.fr\/it\/wp-json\/wp\/v2\/posts\/25031\/revisions\/33960"}],"wp:featuredmedia":[{"embeddable":true,"href":"https:\/\/www.bestofrome.fr\/it\/wp-json\/wp\/v2\/media\/25037"}],"wp:attachment":[{"href":"https:\/\/www.bestofrome.fr\/it\/wp-json\/wp\/v2\/media?parent=25031"}],"wp:term":[{"taxonomy":"category","embeddable":true,"href":"https:\/\/www.bestofrome.fr\/it\/wp-json\/wp\/v2\/categories?post=25031"},{"taxonomy":"post_tag","embeddable":true,"href":"https:\/\/www.bestofrome.fr\/it\/wp-json\/wp\/v2\/tags?post=25031"}],"curies":[{"name":"wp","href":"https:\/\/api.w.org\/{rel}","templated":true}]}}